{"id":9156,"date":"2026-01-08T10:43:34","date_gmt":"2026-01-08T09:43:34","guid":{"rendered":"https:\/\/www.vos-sosmost.cz\/?p=9156"},"modified":"2026-01-08T10:44:13","modified_gmt":"2026-01-08T09:44:13","slug":"sablony-vos-oa-spgs-a-szs-most-2025-2028","status":"publish","type":"post","link":"https:\/\/www.vos-sosmost.cz\/index.php\/2026\/01\/08\/sablony-vos-oa-spgs-a-szs-most-2025-2028\/","title":{"rendered":"\u0160ablony VO\u0160, OA, SPg\u0160 a SZ\u0160 Most 2025-2028"},"content":{"rendered":"<p><img loading=\"lazy\" decoding=\"async\" class=\"aligncenter wp-image-6285 size-large\" src=\"https:\/\/www.vos-sosmost.cz\/wp-content\/uploads\/2022\/09\/EUMSMT-Barevne-RGB-1024x146.jpg\" alt=\"\" width=\"640\" height=\"91\" srcset=\"https:\/\/www.vos-sosmost.cz\/wp-content\/uploads\/2022\/09\/EUMSMT-Barevne-RGB-1024x146.jpg 1024w, https:\/\/www.vos-sosmost.cz\/wp-content\/uploads\/2022\/09\/EUMSMT-Barevne-RGB-300x43.jpg 300w, https:\/\/www.vos-sosmost.cz\/wp-content\/uploads\/2022\/09\/EUMSMT-Barevne-RGB-768x110.jpg 768w, https:\/\/www.vos-sosmost.cz\/wp-content\/uploads\/2022\/09\/EUMSMT-Barevne-RGB-1536x219.jpg 1536w, https:\/\/www.vos-sosmost.cz\/wp-content\/uploads\/2022\/09\/EUMSMT-Barevne-RGB-2048x292.jpg 2048w, https:\/\/www.vos-sosmost.cz\/wp-content\/uploads\/2022\/09\/EUMSMT-Barevne-RGB-360x51.jpg 360w, https:\/\/www.vos-sosmost.cz\/wp-content\/uploads\/2022\/09\/EUMSMT-Barevne-RGB-24x3.jpg 24w, https:\/\/www.vos-sosmost.cz\/wp-content\/uploads\/2022\/09\/EUMSMT-Barevne-RGB-36x5.jpg 36w, https:\/\/www.vos-sosmost.cz\/wp-content\/uploads\/2022\/09\/EUMSMT-Barevne-RGB-48x7.jpg 48w\" sizes=\"auto, (max-width: 640px) 100vw, 640px\" \/><\/p>\n<p>&nbsp;<\/p>\n<p>Projekt&nbsp;<strong>\u0160ablony VO\u0160, OA, SPg\u0160 a SZ\u0160 Most 2025-2028<\/strong>&nbsp;reg. \u010d\u00edslo&nbsp;<strong>CZ.02.02.XX\/00\/24_035\/0012322<\/strong> pat\u0159\u00ed do v\u00fdzvy Podpora \u0161kol formou projekt\u016f zjednodu\u0161en\u00e9ho vykazov\u00e1n\u00ed \u2013 V\u00fdzva \u010d. 02_24_035 \u0160ablony pro S\u0160 a VO\u0160 II. Projekt je realizov\u00e1n v obdob\u00ed 1. 9. 2025 \u2013 31. 8. 2028.<\/p>\n<p>C\u00edlem v\u00fdzvy je p\u0159isp\u011bt k zaji\u0161t\u011bn\u00ed rovn\u00e9ho p\u0159\u00edstupu ke kvalitn\u00edmu a inkluzivn\u00edmu vzd\u011bl\u00e1v\u00e1n\u00ed pro v\u0161echny \u017e\u00e1ky a studenty prost\u0159ednictv\u00edm podp\u016frn\u00fdch person\u00e1ln\u00edch pozic, vzd\u011bl\u00e1v\u00e1n\u00ed pracovn\u00edk\u016f \u0161kol a \u0161kolsk\u00fdch v\u00fdchovn\u00fdch a ubytovac\u00edch za\u0159\u00edzen\u00ed, podpory zav\u00e1d\u011bn\u00ed inovativn\u00edch metod vzd\u011bl\u00e1v\u00e1n\u00ed za \u00fa\u010delem p\u0159\u00edpravy v\u00fduky v souladu s p\u0159ipravovanou reviz\u00ed r\u00e1mcov\u00fdch vzd\u011bl\u00e1vac\u00edch program\u016f a podpory d\u011bt\u00ed a \u017e\u00e1k\u016f ohro\u017een\u00fdch \u0161koln\u00edm ne\u00fasp\u011bchem a z marginalizovan\u00fdch skupin. Ve v\u00fdzv\u011b dojde k ov\u011b\u0159en\u00ed modelu institucionalizace podp\u016frn\u00fdch pedagogick\u00fdch pozic \u0161koln\u00edho psychologa a \u0161koln\u00edho speci\u00e1ln\u00edho pedagoga ve st\u0159edn\u00edch \u0161kol\u00e1ch a konzervato\u0159\u00edch, aby byla dlouhodob\u011b zaji\u0161t\u011bna stabilita t\u011bchto pozic. Po vyhodnocen\u00ed modelu a odpov\u00eddaj\u00edc\u00ed \u00faprav\u011b pr\u00e1vn\u00edch p\u0159edpis\u016f se p\u0159edpokl\u00e1d\u00e1 jeho p\u0159evzet\u00ed do n\u00e1rodn\u00edho financov\u00e1n\u00ed.<\/p>\n<p><strong>Realizovan\u00e9 aktivity pro S\u0160<\/strong><\/p>\n<p>2.III\/3 \u0160koln\u00ed psycholog S\u0160&nbsp;&nbsp;&nbsp;&nbsp;&nbsp;&nbsp;&nbsp;&nbsp;&nbsp;&nbsp;&nbsp;&nbsp;&nbsp;&nbsp;&nbsp;&nbsp;&nbsp;&nbsp;&nbsp;&nbsp;&nbsp;&nbsp;&nbsp;&nbsp;&nbsp;&nbsp;&nbsp;&nbsp;&nbsp;&nbsp;&nbsp;&nbsp;&nbsp;&nbsp;&nbsp;&nbsp;&nbsp;&nbsp;&nbsp;&nbsp;&nbsp;&nbsp;&nbsp;&nbsp;&nbsp;&nbsp;&nbsp;&nbsp;&nbsp;&nbsp;&nbsp;&nbsp;&nbsp;&nbsp;&nbsp;&nbsp;&nbsp;&nbsp;&nbsp;&nbsp;&nbsp;&nbsp;&nbsp;&nbsp;&nbsp;&nbsp;&nbsp;&nbsp;&nbsp;&nbsp;&nbsp;&nbsp;&nbsp;&nbsp;&nbsp;&nbsp;&nbsp;&nbsp;&nbsp;&nbsp;&nbsp;&nbsp;&nbsp;&nbsp;&nbsp;&nbsp;&nbsp;<\/p>\n<p>2.III\/5 Kari\u00e9rov\u00fd poradce S\u0160&nbsp;&nbsp;&nbsp;&nbsp;&nbsp;&nbsp;&nbsp;&nbsp;&nbsp;&nbsp;&nbsp;&nbsp;&nbsp;&nbsp;&nbsp;&nbsp;&nbsp;&nbsp;&nbsp;&nbsp;&nbsp;&nbsp;&nbsp;&nbsp;&nbsp;&nbsp;&nbsp;&nbsp;&nbsp;&nbsp;&nbsp;&nbsp;&nbsp;&nbsp;&nbsp;&nbsp;&nbsp;&nbsp;&nbsp;&nbsp;&nbsp;&nbsp;&nbsp;&nbsp;&nbsp;&nbsp;&nbsp;&nbsp;&nbsp;&nbsp;&nbsp;&nbsp;&nbsp;&nbsp;&nbsp;&nbsp;&nbsp;&nbsp;&nbsp;&nbsp;&nbsp;&nbsp;&nbsp;&nbsp;&nbsp;&nbsp;&nbsp;&nbsp;&nbsp;&nbsp;&nbsp;&nbsp;&nbsp;&nbsp;&nbsp;&nbsp;&nbsp;&nbsp;&nbsp;&nbsp;&nbsp;&nbsp;&nbsp;&nbsp;<\/p>\n<p>2.III\/8 Vzd\u011bl\u00e1v\u00e1n\u00ed pracovn\u00edk\u016f ve vzd\u011bl\u00e1v\u00e1n\u00ed S\u0160<\/p>\n<p>2.III\/9 Inovativn\u00ed vzd\u011bl\u00e1v\u00e1n\u00ed \u017e\u00e1k\u016f v&nbsp;S\u0160&nbsp;&nbsp;&nbsp;&nbsp;&nbsp;&nbsp;&nbsp;&nbsp;&nbsp;&nbsp;&nbsp;&nbsp;&nbsp;&nbsp;&nbsp;&nbsp;&nbsp;&nbsp;&nbsp;&nbsp;&nbsp;&nbsp;&nbsp;&nbsp;&nbsp;&nbsp;&nbsp;&nbsp;&nbsp;&nbsp;&nbsp;&nbsp;&nbsp;&nbsp;&nbsp;&nbsp;&nbsp;&nbsp;&nbsp;&nbsp;&nbsp;&nbsp;&nbsp;&nbsp;&nbsp;&nbsp;&nbsp;&nbsp;&nbsp;&nbsp;&nbsp;&nbsp;&nbsp;&nbsp;&nbsp;&nbsp;&nbsp;&nbsp;&nbsp;&nbsp;&nbsp;&nbsp;&nbsp;&nbsp;&nbsp;&nbsp;&nbsp;&nbsp;&nbsp;&nbsp;&nbsp;&nbsp;&nbsp;&nbsp;&nbsp;&nbsp;&nbsp;&nbsp;&nbsp;&nbsp;&nbsp;<\/p>\n<p>2.III\/10 Dou\u010dov\u00e1n\u00ed \u017e\u00e1k\u016f ohro\u017een\u00fdch \u0161koln\u00edm ne\u00fasp\u011bchem v&nbsp;S\u0160&nbsp;&nbsp;&nbsp;&nbsp;&nbsp; <strong>&nbsp;&nbsp;&nbsp;&nbsp;&nbsp;&nbsp;&nbsp;&nbsp;&nbsp;&nbsp;&nbsp;&nbsp;&nbsp;&nbsp;&nbsp;&nbsp;&nbsp;&nbsp;&nbsp;&nbsp;&nbsp;&nbsp;&nbsp; <\/strong><\/p>\n<p><strong>&nbsp;<\/strong><strong>Realizovan\u00e9 aktivity pro VO\u0160<\/strong><\/p>\n<p>2.IV\/2 Vzd\u011bl\u00e1v\u00e1n\u00ed pracovn\u00edk\u016f ve vzd\u011bl\u00e1v\u00e1n\u00ed VO\u0160&nbsp;&nbsp;&nbsp;&nbsp;&nbsp;&nbsp;&nbsp;&nbsp;&nbsp;&nbsp;&nbsp;&nbsp;&nbsp;&nbsp;&nbsp;&nbsp;&nbsp;&nbsp;&nbsp;&nbsp;&nbsp;&nbsp;&nbsp;&nbsp;&nbsp;&nbsp;&nbsp;&nbsp;&nbsp;&nbsp;&nbsp;&nbsp;&nbsp;&nbsp;&nbsp;&nbsp;&nbsp;&nbsp;&nbsp;&nbsp;&nbsp;&nbsp;&nbsp;&nbsp;&nbsp;&nbsp;&nbsp;&nbsp;&nbsp;&nbsp;&nbsp;&nbsp;<\/p>\n<p>2.IV\/3 Inovativn\u00ed vzd\u011bl\u00e1v\u00e1n\u00ed student\u016f ve VO\u0160<strong>&nbsp;&nbsp;&nbsp;&nbsp;&nbsp;&nbsp;&nbsp;&nbsp;&nbsp;&nbsp;&nbsp;&nbsp;&nbsp;&nbsp;&nbsp;&nbsp;&nbsp;&nbsp;&nbsp;&nbsp;&nbsp;&nbsp;&nbsp;&nbsp;&nbsp;&nbsp;&nbsp;&nbsp;&nbsp;&nbsp;&nbsp;&nbsp;&nbsp;&nbsp;&nbsp;&nbsp;&nbsp;&nbsp;&nbsp;&nbsp;&nbsp;&nbsp;&nbsp;&nbsp;&nbsp;&nbsp;&nbsp;&nbsp;&nbsp;&nbsp;&nbsp;&nbsp;&nbsp;&nbsp;&nbsp;&nbsp;&nbsp;&nbsp;&nbsp;&nbsp;&nbsp;&nbsp;&nbsp;&nbsp;&nbsp;&nbsp;&nbsp;&nbsp;&nbsp; <\/strong><\/p>\n<p><strong>&nbsp;<\/strong><strong>Realizovan\u00e9 aktivity pro DM<\/strong><\/p>\n<p>2.VIII\/1 Vzd\u011bl\u00e1v\u00e1n\u00ed pracovn\u00edk\u016f ve vzd\u011bl\u00e1v\u00e1n\u00ed DM<\/p>\n<p>&nbsp;<\/p>\n","protected":false},"excerpt":{"rendered":"<p>&nbsp; Projekt&nbsp;\u0160ablony VO\u0160, OA, SPg\u0160 a SZ\u0160 Most 2025-2028&nbsp;reg. \u010d\u00edslo&nbsp;CZ.02.02.XX\/00\/24_035\/0012322 pat\u0159\u00ed do v\u00fdzvy Podpora \u0161kol formou projekt\u016f zjednodu\u0161en\u00e9ho vykazov\u00e1n\u00ed \u2013 V\u00fdzva \u010d. 02_24_035 \u0160ablony pro S\u0160 a VO\u0160 II. Projekt je realizov\u00e1n v obdob\u00ed 1. 9. 2025 \u2013 31. 8. <a href=\"https:\/\/www.vos-sosmost.cz\/index.php\/2026\/01\/08\/sablony-vos-oa-spgs-a-szs-most-2025-2028\/\" class=\"read-more\">Read More &#8230;<\/a><\/p>\n","protected":false},"author":1,"featured_media":0,"comment_status":"closed","ping_status":"closed","sticky":false,"template":"","format":"standard","meta":{"ngg_post_thumbnail":0,"footnotes":""},"categories":[17],"tags":[],"class_list":["post-9156","post","type-post","status-publish","format-standard","hentry","category-projekty"],"_links":{"self":[{"href":"https:\/\/www.vos-sosmost.cz\/index.php\/wp-json\/wp\/v2\/posts\/9156","targetHints":{"allow":["GET"]}}],"collection":[{"href":"https:\/\/www.vos-sosmost.cz\/index.php\/wp-json\/wp\/v2\/posts"}],"about":[{"href":"https:\/\/www.vos-sosmost.cz\/index.php\/wp-json\/wp\/v2\/types\/post"}],"author":[{"embeddable":true,"href":"https:\/\/www.vos-sosmost.cz\/index.php\/wp-json\/wp\/v2\/users\/1"}],"replies":[{"embeddable":true,"href":"https:\/\/www.vos-sosmost.cz\/index.php\/wp-json\/wp\/v2\/comments?post=9156"}],"version-history":[{"count":2,"href":"https:\/\/www.vos-sosmost.cz\/index.php\/wp-json\/wp\/v2\/posts\/9156\/revisions"}],"predecessor-version":[{"id":9158,"href":"https:\/\/www.vos-sosmost.cz\/index.php\/wp-json\/wp\/v2\/posts\/9156\/revisions\/9158"}],"wp:attachment":[{"href":"https:\/\/www.vos-sosmost.cz\/index.php\/wp-json\/wp\/v2\/media?parent=9156"}],"wp:term":[{"taxonomy":"category","embeddable":true,"href":"https:\/\/www.vos-sosmost.cz\/index.php\/wp-json\/wp\/v2\/categories?post=9156"},{"taxonomy":"post_tag","embeddable":true,"href":"https:\/\/www.vos-sosmost.cz\/index.php\/wp-json\/wp\/v2\/tags?post=9156"}],"curies":[{"name":"wp","href":"https:\/\/api.w.org\/{rel}","templated":true}]}}