{"id":8936,"date":"2025-09-25T12:17:49","date_gmt":"2025-09-25T10:17:49","guid":{"rendered":"https:\/\/www.vos-sosmost.cz\/?p=8936"},"modified":"2025-11-09T17:48:43","modified_gmt":"2025-11-09T16:48:43","slug":"erasmus-2025-2026","status":"publish","type":"post","link":"https:\/\/www.vos-sosmost.cz\/index.php\/2025\/09\/25\/erasmus-2025-2026\/","title":{"rendered":"Erasmus+ 2025-2026"},"content":{"rendered":"<p><img loading=\"lazy\" decoding=\"async\" class=\"wp-image-8451 size-medium aligncenter\" src=\"https:\/\/www.vos-sosmost.cz\/wp-content\/uploads\/2024\/07\/434129258_799964428827066_6220539405191137893_n-e1732636025957-293x300.jpg\" alt=\"\" width=\"293\" height=\"300\" srcset=\"https:\/\/www.vos-sosmost.cz\/wp-content\/uploads\/2024\/07\/434129258_799964428827066_6220539405191137893_n-e1732636025957-293x300.jpg 293w, https:\/\/www.vos-sosmost.cz\/wp-content\/uploads\/2024\/07\/434129258_799964428827066_6220539405191137893_n-e1732636025957-264x270.jpg 264w, https:\/\/www.vos-sosmost.cz\/wp-content\/uploads\/2024\/07\/434129258_799964428827066_6220539405191137893_n-e1732636025957-24x24.jpg 24w, https:\/\/www.vos-sosmost.cz\/wp-content\/uploads\/2024\/07\/434129258_799964428827066_6220539405191137893_n-e1732636025957-36x36.jpg 36w, https:\/\/www.vos-sosmost.cz\/wp-content\/uploads\/2024\/07\/434129258_799964428827066_6220539405191137893_n-e1732636025957-48x48.jpg 48w, https:\/\/www.vos-sosmost.cz\/wp-content\/uploads\/2024\/07\/434129258_799964428827066_6220539405191137893_n-e1732636025957.jpg 608w\" sizes=\"auto, (max-width: 293px) 100vw, 293px\" \/><\/p>\n<p style=\"background: white; margin: 0cm 0cm 11.25pt 0cm;\"><span style=\"font-family: georgia, palatino, serif;\"><span style=\"font-size: 12pt; color: #666666;\">Ve &nbsp;\u0161koln\u00edm roce 2025\/2026 jsou v r\u00e1mci projektu <\/span><strong>2025-1-CZ01-KA121-VET-000312985<\/strong> <span style=\"font-size: 12pt; color: #666666;\">realizov\u00e1ny mobility student\u016f, st\u00ednov\u00e1n\u00ed u\u010ditel\u016f a p\u0159edn\u00e1\u0161ky zahrani\u010dn\u00edch odborn\u00edk\u016f pro \u017e\u00e1ky a&nbsp; studenty.<\/span><\/span><\/p>\n<p style=\"background: white; margin: 0cm 0cm 11.25pt 0cm;\"><span style=\"font-size: 12pt; font-family: georgia, palatino, serif; color: #666666;\">\u0160kola je na programov\u00e9 obdob\u00ed 2021-2027 dr\u017eitelem akreditace&nbsp;<strong>2020-1-CZ01-KA120-VET-094183.<\/strong><\/span><\/p>\n<p style=\"background: white; margin: 0cm 0cm 11.25pt 0cm;\"><span style=\"font-size: 12pt; font-family: georgia, palatino, serif; color: #666666;\">\u0160kola spolupracuje s \u0159adou instituc\u00ed a \u0161kol v t\u011bchto zem\u00edch Evropy: Nizozemsko, Irsko, N\u011bmecko, Litva, Francie, \u0160pan\u011blsko, Malta, Island, Norsko, Slovensko a It\u00e1lie.&nbsp;<\/span><\/p>\n<p><span style=\"font-family: georgia, palatino, serif; font-size: 12pt;\">V\u00edce informac\u00ed o projektu, v\u010detn\u011b p\u0159\u00edsp\u011bvk\u016f a vlog\u016f na\u0161ich student\u016f naleznete <strong><a href=\"http:\/\/erasmus.vos-sosmost.cz\">zde&nbsp;<\/a><\/strong>a na \u0161koln\u00edm Instagramu programu Erasmus+ <strong><a href=\"https:\/\/www.instagram.com\/vos_sosmost_erasmus\/\">zde<\/a><\/strong>.<\/span><\/p>\n<p><span style=\"font-family: georgia, palatino, serif; font-size: 12pt;\">Projevit sv\u016fj z\u00e1jem o zahrani\u010dn\u00ed st\u00e1\u017e m\u016f\u017eete p\u0159ihl\u00e1\u0161en\u00edm se&nbsp;<strong><a href=\"https:\/\/www.vos-sosmost.cz\/index.php\/prihlaska_eramus\/\">zde<\/a><\/strong>.<\/span><\/p>\n<p style=\"background: white; margin: 0cm 0cm 11.25pt 0cm;\">&nbsp;<\/p>\n<p style=\"background: white; margin: 0cm 0cm 11.25pt 0cm;\"><span style=\"font-family: georgia, palatino, serif; font-size: 12pt;\"><strong><span style=\"color: #666666;\">\u010c\u00edslo projektu:<\/span><\/strong><span style=\"color: #666666;\">&nbsp; <strong>2025-1-CZ01-KA121-VET-000312985<\/strong>&nbsp;<\/span><\/span><\/p>\n<p style=\"background: white; margin: 0cm 0cm 11.25pt 0cm;\"><span style=\"font-family: georgia, palatino, serif; font-size: 12pt;\"><strong><span style=\"color: #666666;\">Za\u010d\u00e1tek projektu:<\/span><\/strong><span style=\"color: #666666;\">&nbsp; 1. 6. 2025<\/span><\/span><\/p>\n<p style=\"background: white; margin: 0cm 0cm 11.25pt 0cm;\"><span style=\"font-family: georgia, palatino, serif; font-size: 12pt;\"><strong><span style=\"color: #666666;\">Konec projektu:<\/span><\/strong><span style=\"color: #666666;\">&nbsp; pl\u00e1nov\u00e1no na 31. 8. 2026<\/span><\/span><\/p>\n<p style=\"background: white; margin: 0cm 0cm 11.25pt 0cm;\"><span style=\"font-family: georgia, palatino, serif; font-size: 12pt;\"><strong><span style=\"color: #666666;\">D\u00e9lka projektu (po\u010det m\u011bs\u00edc\u016f):<\/span><\/strong><span style=\"color: #666666;\">&nbsp; 15 m\u011bs\u00edc\u016f<\/span><\/span><\/p>\n<p style=\"background: white; margin: 0cm 0cm 11.25pt 0cm;\"><span style=\"font-family: georgia, palatino, serif; font-size: 12pt;\"><strong><span style=\"color: #666666;\">P\u0159ehled aktivit:<\/span><\/strong><span style=\"color: #666666;\">&nbsp;grant na akci: organiza\u010dn\u00ed podpora, podpora na pobytov\u00e9 n\u00e1klady, cestovn\u00ed n\u00e1klady, jazykov\u00e1 podpora, podpora inkluze pro organizaci, p\u0159\u00edpravn\u00e9 n\u00e1v\u0161t\u011bvy, kurzovn\u00e9<\/span><\/span><\/p>\n<p style=\"background: white; margin: 0cm 0cm 11.25pt 0cm;\"><span style=\"font-family: georgia, palatino, serif; font-size: 12pt;\"><strong><span style=\"color: #666666;\">Finan\u010dn\u00ed dotace:<\/span><\/strong><span style=\"color: #666666;\"> 135 440 Eur<\/span><\/span><\/p>\n<p style=\"background: white; margin: 0cm 0cm 11.25pt 0cm;\"><span style=\"font-size: 12pt; font-family: georgia, palatino, serif; color: #666666;\">Mobility budou uskute\u010dn\u011bny od z\u00e1\u0159\u00ed 2025 do srpna 2026.<\/span><\/p>\n","protected":false},"excerpt":{"rendered":"<p>Ve &nbsp;\u0161koln\u00edm roce 2025\/2026 jsou v r\u00e1mci projektu 2025-1-CZ01-KA121-VET-000312985 realizov\u00e1ny mobility student\u016f, st\u00ednov\u00e1n\u00ed u\u010ditel\u016f a p\u0159edn\u00e1\u0161ky zahrani\u010dn\u00edch odborn\u00edk\u016f pro \u017e\u00e1ky a&nbsp; studenty. \u0160kola je na programov\u00e9 obdob\u00ed 2021-2027 dr\u017eitelem akreditace&nbsp;2020-1-CZ01-KA120-VET-094183. \u0160kola spolupracuje s \u0159adou instituc\u00ed a \u0161kol v t\u011bchto zem\u00edch <a href=\"https:\/\/www.vos-sosmost.cz\/index.php\/2025\/09\/25\/erasmus-2025-2026\/\" class=\"read-more\">Read More &#8230;<\/a><\/p>\n","protected":false},"author":1,"featured_media":0,"comment_status":"closed","ping_status":"closed","sticky":false,"template":"","format":"standard","meta":{"ngg_post_thumbnail":0,"footnotes":""},"categories":[17],"tags":[],"class_list":["post-8936","post","type-post","status-publish","format-standard","hentry","category-projekty"],"_links":{"self":[{"href":"https:\/\/www.vos-sosmost.cz\/index.php\/wp-json\/wp\/v2\/posts\/8936","targetHints":{"allow":["GET"]}}],"collection":[{"href":"https:\/\/www.vos-sosmost.cz\/index.php\/wp-json\/wp\/v2\/posts"}],"about":[{"href":"https:\/\/www.vos-sosmost.cz\/index.php\/wp-json\/wp\/v2\/types\/post"}],"author":[{"embeddable":true,"href":"https:\/\/www.vos-sosmost.cz\/index.php\/wp-json\/wp\/v2\/users\/1"}],"replies":[{"embeddable":true,"href":"https:\/\/www.vos-sosmost.cz\/index.php\/wp-json\/wp\/v2\/comments?post=8936"}],"version-history":[{"count":5,"href":"https:\/\/www.vos-sosmost.cz\/index.php\/wp-json\/wp\/v2\/posts\/8936\/revisions"}],"predecessor-version":[{"id":9087,"href":"https:\/\/www.vos-sosmost.cz\/index.php\/wp-json\/wp\/v2\/posts\/8936\/revisions\/9087"}],"wp:attachment":[{"href":"https:\/\/www.vos-sosmost.cz\/index.php\/wp-json\/wp\/v2\/media?parent=8936"}],"wp:term":[{"taxonomy":"category","embeddable":true,"href":"https:\/\/www.vos-sosmost.cz\/index.php\/wp-json\/wp\/v2\/categories?post=8936"},{"taxonomy":"post_tag","embeddable":true,"href":"https:\/\/www.vos-sosmost.cz\/index.php\/wp-json\/wp\/v2\/tags?post=8936"}],"curies":[{"name":"wp","href":"https:\/\/api.w.org\/{rel}","templated":true}]}}