{"id":6839,"date":"2023-02-23T12:42:35","date_gmt":"2023-02-23T11:42:35","guid":{"rendered":"https:\/\/www.vos-sosmost.cz\/?p=6839"},"modified":"2023-02-23T12:42:35","modified_gmt":"2023-02-23T11:42:35","slug":"zivot-s-asistencnim-psem","status":"publish","type":"post","link":"https:\/\/www.vos-sosmost.cz\/index.php\/2023\/02\/23\/zivot-s-asistencnim-psem\/","title":{"rendered":"\u017divot s asisten\u010dn\u00edm psem"},"content":{"rendered":"<p style=\"background: white;\"><span class=\"xcontentpasted0\"><span style=\"font-size: 11.5pt; font-family: 'Arial',sans-serif; color: #242424;\">Nav\u0161t\u00edvila n\u00e1s maminka jedn\u00e9 na\u0161\u00ed ubytovan\u00e9 \u017e\u00e1kyn\u011b, nevidom\u00e1 pan\u00ed Blanka Jane\u010dkov\u00e1 se sv\u00fdm vod\u00edc\u00edm psem M\u00ednou.<\/span><\/span><\/p>\n<p style=\"background: white;\"><span class=\"xcontentpasted0\"><span style=\"font-size: 11.5pt; font-family: 'Arial',sans-serif; color: #242424;\">Pov\u00eddala n\u00e1m o tom a tak\u00e9 uk\u00e1zala, \u017ee v dne\u0161n\u00ed modern\u00ed dob\u011b m\u016f\u017ee i handicapovan\u00fd \u010dlov\u011bk v\u00e9st plnohodnotn\u00fd \u017eivot, a to nejen d\u00edky vod\u00edc\u00edmu psovi, ale i nov\u00fdm technologi\u00edm, jako je nap\u0159\u00edklad mobiln\u00ed telefon pro nevidom\u00e9 a dal\u0161\u00ed.<\/span><\/span><span style=\"font-size: 11.5pt; font-family: 'Arial',sans-serif; color: #242424;\">&nbsp;Dozv\u011bd\u011bli jsme se o finan\u010dn\u00edch n\u00e1kladech a n\u00e1ro\u010dnosti v\u00fdcviku asisten\u010dn\u00edho psa, tak\u00e9 kdy M\u00edna pracuje a kdy si m\u016f\u017ee hr\u00e1t a podobn\u00e9 zaj\u00edmavosti. Pan\u00ed Jane\u010dkov\u00e1 a M\u00edna n\u00e1zorn\u011b p\u0159edvedly, co v\u0161echno zvl\u00e1d\u00e1 nap\u0159. upozorn\u00ed na schody a r\u016fzn\u00e9 p\u0159ek\u00e1\u017eky, pod\u00e1 slepeckou h\u016fl, telefon, kl\u00ed\u010de&#8230;.<\/span><\/p>\n<p style=\"background: white;\"><span class=\"xcontentpasted0\"><span style=\"font-size: 11.5pt; font-family: 'Arial',sans-serif; color: #242424;\">Na z\u00e1v\u011br jsme besedovali i o b\u011b\u017en\u00e9m rodinn\u00e9m \u017eivot\u011b nevidom\u00e9ho \u010dlov\u011bka, v tomto p\u0159\u00edpad\u011b nevidom\u00e1 matka a jej\u00ed v\u00fdchova d\u011bt\u00ed.<\/span><\/span><\/p>\n<p style=\"background: white;\"><span class=\"xcontentpasted0\"><span style=\"font-size: 11.5pt; font-family: 'Arial',sans-serif; color: #242424;\">Beseda se n\u00e1m velice l\u00edbila a uv\u011bdomili jsme si, \u017ee tyto lidi nemus\u00edme litovat, \u017ee vedou i kdy\u017e nevid\u00ed, kr\u00e1sn\u00fd \u017eivot.<\/span><\/span><\/p>\nngg_shortcode_0_placeholder\n","protected":false},"excerpt":{"rendered":"<p>Nav\u0161t\u00edvila n\u00e1s maminka jedn\u00e9 na\u0161\u00ed ubytovan\u00e9 \u017e\u00e1kyn\u011b, nevidom\u00e1 pan\u00ed Blanka Jane\u010dkov\u00e1 se sv\u00fdm vod\u00edc\u00edm psem M\u00ednou. Pov\u00eddala n\u00e1m o tom a tak\u00e9 uk\u00e1zala, \u017ee v dne\u0161n\u00ed modern\u00ed dob\u011b m\u016f\u017ee i handicapovan\u00fd \u010dlov\u011bk v\u00e9st plnohodnotn\u00fd \u017eivot, a to nejen d\u00edky vod\u00edc\u00edmu <a href=\"https:\/\/www.vos-sosmost.cz\/index.php\/2023\/02\/23\/zivot-s-asistencnim-psem\/\" class=\"read-more\">Read More &#8230;<\/a><\/p>\n","protected":false},"author":1,"featured_media":0,"comment_status":"closed","ping_status":"closed","sticky":false,"template":"","format":"standard","meta":{"ngg_post_thumbnail":0,"footnotes":""},"categories":[14],"tags":[],"class_list":["post-6839","post","type-post","status-publish","format-standard","hentry","category-akce-dm"],"_links":{"self":[{"href":"https:\/\/www.vos-sosmost.cz\/index.php\/wp-json\/wp\/v2\/posts\/6839","targetHints":{"allow":["GET"]}}],"collection":[{"href":"https:\/\/www.vos-sosmost.cz\/index.php\/wp-json\/wp\/v2\/posts"}],"about":[{"href":"https:\/\/www.vos-sosmost.cz\/index.php\/wp-json\/wp\/v2\/types\/post"}],"author":[{"embeddable":true,"href":"https:\/\/www.vos-sosmost.cz\/index.php\/wp-json\/wp\/v2\/users\/1"}],"replies":[{"embeddable":true,"href":"https:\/\/www.vos-sosmost.cz\/index.php\/wp-json\/wp\/v2\/comments?post=6839"}],"version-history":[{"count":1,"href":"https:\/\/www.vos-sosmost.cz\/index.php\/wp-json\/wp\/v2\/posts\/6839\/revisions"}],"predecessor-version":[{"id":6846,"href":"https:\/\/www.vos-sosmost.cz\/index.php\/wp-json\/wp\/v2\/posts\/6839\/revisions\/6846"}],"wp:attachment":[{"href":"https:\/\/www.vos-sosmost.cz\/index.php\/wp-json\/wp\/v2\/media?parent=6839"}],"wp:term":[{"taxonomy":"category","embeddable":true,"href":"https:\/\/www.vos-sosmost.cz\/index.php\/wp-json\/wp\/v2\/categories?post=6839"},{"taxonomy":"post_tag","embeddable":true,"href":"https:\/\/www.vos-sosmost.cz\/index.php\/wp-json\/wp\/v2\/tags?post=6839"}],"curies":[{"name":"wp","href":"https:\/\/api.w.org\/{rel}","templated":true}]}}