{"id":6828,"date":"2023-02-23T12:36:04","date_gmt":"2023-02-23T11:36:04","guid":{"rendered":"https:\/\/www.vos-sosmost.cz\/?p=6828"},"modified":"2023-02-23T12:36:04","modified_gmt":"2023-02-23T11:36:04","slug":"vystava-v-oblastnim-muzeu-a-galerii-v-moste","status":"publish","type":"post","link":"https:\/\/www.vos-sosmost.cz\/index.php\/2023\/02\/23\/vystava-v-oblastnim-muzeu-a-galerii-v-moste\/","title":{"rendered":"V\u00fdstava v Oblastn\u00edm muzeu a galerii v Most\u011b"},"content":{"rendered":"<p>Dne 26. ledna jsme nav\u0161t\u00edvily v\u00fdstavu v mosteck\u00e9m muzeu s n\u00e1zvem Tich\u00e1 zima v Most\u011b od region\u00e1ln\u00ed mal\u00ed\u0159ky Sylvie Prchl\u00edkov\u00e9 a v\u00fdstavu Okruhy sn\u016f a jsoucnosti od Martiny Machov\u00e9. I kdy\u017e z\u00e1jem nebyl velk\u00fd, my jsme si to u\u017eily a obrazy se n\u00e1m moc l\u00edbily.&nbsp;<\/p>\nngg_shortcode_0_placeholder\n","protected":false},"excerpt":{"rendered":"<p>Dne 26. ledna jsme nav\u0161t\u00edvily v\u00fdstavu v mosteck\u00e9m muzeu s n\u00e1zvem Tich\u00e1 zima v Most\u011b od region\u00e1ln\u00ed mal\u00ed\u0159ky Sylvie Prchl\u00edkov\u00e9 a v\u00fdstavu Okruhy sn\u016f a jsoucnosti od Martiny Machov\u00e9. I kdy\u017e z\u00e1jem nebyl velk\u00fd, my jsme si to u\u017eily a <a href=\"https:\/\/www.vos-sosmost.cz\/index.php\/2023\/02\/23\/vystava-v-oblastnim-muzeu-a-galerii-v-moste\/\" class=\"read-more\">Read More &#8230;<\/a><\/p>\n","protected":false},"author":1,"featured_media":0,"comment_status":"closed","ping_status":"closed","sticky":false,"template":"","format":"standard","meta":{"ngg_post_thumbnail":0,"footnotes":""},"categories":[14],"tags":[],"class_list":["post-6828","post","type-post","status-publish","format-standard","hentry","category-akce-dm"],"_links":{"self":[{"href":"https:\/\/www.vos-sosmost.cz\/index.php\/wp-json\/wp\/v2\/posts\/6828","targetHints":{"allow":["GET"]}}],"collection":[{"href":"https:\/\/www.vos-sosmost.cz\/index.php\/wp-json\/wp\/v2\/posts"}],"about":[{"href":"https:\/\/www.vos-sosmost.cz\/index.php\/wp-json\/wp\/v2\/types\/post"}],"author":[{"embeddable":true,"href":"https:\/\/www.vos-sosmost.cz\/index.php\/wp-json\/wp\/v2\/users\/1"}],"replies":[{"embeddable":true,"href":"https:\/\/www.vos-sosmost.cz\/index.php\/wp-json\/wp\/v2\/comments?post=6828"}],"version-history":[{"count":1,"href":"https:\/\/www.vos-sosmost.cz\/index.php\/wp-json\/wp\/v2\/posts\/6828\/revisions"}],"predecessor-version":[{"id":6832,"href":"https:\/\/www.vos-sosmost.cz\/index.php\/wp-json\/wp\/v2\/posts\/6828\/revisions\/6832"}],"wp:attachment":[{"href":"https:\/\/www.vos-sosmost.cz\/index.php\/wp-json\/wp\/v2\/media?parent=6828"}],"wp:term":[{"taxonomy":"category","embeddable":true,"href":"https:\/\/www.vos-sosmost.cz\/index.php\/wp-json\/wp\/v2\/categories?post=6828"},{"taxonomy":"post_tag","embeddable":true,"href":"https:\/\/www.vos-sosmost.cz\/index.php\/wp-json\/wp\/v2\/tags?post=6828"}],"curies":[{"name":"wp","href":"https:\/\/api.w.org\/{rel}","templated":true}]}}