{"id":652,"date":"2016-12-07T12:00:57","date_gmt":"2016-12-07T11:00:57","guid":{"rendered":"https:\/\/www.vos-sosmost.cz\/?p=652"},"modified":"2018-02-11T12:02:36","modified_gmt":"2018-02-11T11:02:36","slug":"vanocni-tvoreni-na-zs-ul-svazna","status":"publish","type":"post","link":"https:\/\/www.vos-sosmost.cz\/index.php\/2016\/12\/07\/vanocni-tvoreni-na-zs-ul-svazna\/","title":{"rendered":"V\u00e1no\u010dn\u00ed tvo\u0159en\u00ed na Z\u0160 ul. Sv\u00e1\u017en\u00e1"},"content":{"rendered":"<p>Ve st\u0159edu 7. 12. jsme byli ve \u0161koln\u00ed dru\u017ein\u011b tvo\u0159it s druh\u00e1\u010dkama a t\u0159e\u0165\u00e1\u010dkama ozdoby na l\u017ei\u010dky z polymerov\u00e9 hmoty. D\u011bti\u010dky cht\u011bly vyrobit d\u00e1re\u010dek pro maminky, tak jsme jim pom\u00e1hali. Proto\u017ee je ve \u0161kole p\u011bt odd\u011blen\u00ed \u0160D a my jsme stihli uk\u00e1zat postup zat\u00edm ve dvou, domluvili jsme si dal\u0161\u00ed setk\u00e1n\u00ed u n\u00e1s v domov\u011b ml\u00e1de\u017ee. Budeme vyr\u00e1b\u011bt nejen ozdoby na l\u017ei\u010dky, ale tak\u00e9 \u0161perky. Budeme m\u00edt pomocnice z \u0159ad na\u0161ich ubytovan\u00fdch.<\/p>\n<p>Za DM E. Filipiov\u00e1, B. G\u00e1belov\u00e1<\/p>\n<div id='gallery-1' class='gallery galleryid-652 gallery-columns-4 gallery-size-thumbnail'><figure class='gallery-item'>\n\t\t\t<div class='gallery-icon portrait'>\n\t\t\t\t<a href='https:\/\/www.vos-sosmost.cz\/wp-content\/uploads\/2018\/02\/tvoreni1.jpg'><img loading=\"lazy\" decoding=\"async\" width=\"150\" height=\"150\" src=\"https:\/\/www.vos-sosmost.cz\/wp-content\/uploads\/2018\/02\/tvoreni1-150x150.jpg\" class=\"attachment-thumbnail size-thumbnail\" alt=\"\" \/><\/a>\n\t\t\t<\/div><\/figure><figure class='gallery-item'>\n\t\t\t<div class='gallery-icon landscape'>\n\t\t\t\t<a href='https:\/\/www.vos-sosmost.cz\/wp-content\/uploads\/2018\/02\/tvoreni2.jpg'><img loading=\"lazy\" decoding=\"async\" width=\"150\" height=\"150\" src=\"https:\/\/www.vos-sosmost.cz\/wp-content\/uploads\/2018\/02\/tvoreni2-150x150.jpg\" class=\"attachment-thumbnail size-thumbnail\" alt=\"\" \/><\/a>\n\t\t\t<\/div><\/figure><figure class='gallery-item'>\n\t\t\t<div class='gallery-icon landscape'>\n\t\t\t\t<a href='https:\/\/www.vos-sosmost.cz\/wp-content\/uploads\/2018\/02\/tvoreni3.jpg'><img loading=\"lazy\" decoding=\"async\" width=\"150\" height=\"150\" src=\"https:\/\/www.vos-sosmost.cz\/wp-content\/uploads\/2018\/02\/tvoreni3-150x150.jpg\" class=\"attachment-thumbnail size-thumbnail\" alt=\"\" \/><\/a>\n\t\t\t<\/div><\/figure><figure class='gallery-item'>\n\t\t\t<div class='gallery-icon portrait'>\n\t\t\t\t<a href='https:\/\/www.vos-sosmost.cz\/wp-content\/uploads\/2018\/02\/tvoreni4.jpg'><img loading=\"lazy\" decoding=\"async\" width=\"150\" height=\"150\" src=\"https:\/\/www.vos-sosmost.cz\/wp-content\/uploads\/2018\/02\/tvoreni4-150x150.jpg\" class=\"attachment-thumbnail size-thumbnail\" alt=\"\" \/><\/a>\n\t\t\t<\/div><\/figure><figure class='gallery-item'>\n\t\t\t<div class='gallery-icon landscape'>\n\t\t\t\t<a href='https:\/\/www.vos-sosmost.cz\/wp-content\/uploads\/2018\/02\/tvoreni5.jpg'><img loading=\"lazy\" decoding=\"async\" width=\"150\" height=\"150\" src=\"https:\/\/www.vos-sosmost.cz\/wp-content\/uploads\/2018\/02\/tvoreni5-150x150.jpg\" class=\"attachment-thumbnail size-thumbnail\" alt=\"\" \/><\/a>\n\t\t\t<\/div><\/figure><figure class='gallery-item'>\n\t\t\t<div class='gallery-icon portrait'>\n\t\t\t\t<a href='https:\/\/www.vos-sosmost.cz\/wp-content\/uploads\/2018\/02\/tvoreni6.jpg'><img loading=\"lazy\" decoding=\"async\" width=\"150\" height=\"150\" src=\"https:\/\/www.vos-sosmost.cz\/wp-content\/uploads\/2018\/02\/tvoreni6-150x150.jpg\" class=\"attachment-thumbnail size-thumbnail\" alt=\"\" \/><\/a>\n\t\t\t<\/div><\/figure>\n\t\t<\/div>\n\n<p>&nbsp;<\/p>\n","protected":false},"excerpt":{"rendered":"<p>Ve st\u0159edu 7. 12. jsme byli ve \u0161koln\u00ed dru\u017ein\u011b tvo\u0159it s druh\u00e1\u010dkama a t\u0159e\u0165\u00e1\u010dkama ozdoby na l\u017ei\u010dky z polymerov\u00e9 hmoty. D\u011bti\u010dky cht\u011bly vyrobit d\u00e1re\u010dek pro maminky, tak jsme jim pom\u00e1hali. Proto\u017ee je ve \u0161kole p\u011bt odd\u011blen\u00ed \u0160D a my jsme <a href=\"https:\/\/www.vos-sosmost.cz\/index.php\/2016\/12\/07\/vanocni-tvoreni-na-zs-ul-svazna\/\" class=\"read-more\">Read More &#8230;<\/a><\/p>\n","protected":false},"author":1,"featured_media":0,"comment_status":"closed","ping_status":"closed","sticky":false,"template":"","format":"standard","meta":{"ngg_post_thumbnail":0,"footnotes":""},"categories":[14],"tags":[],"class_list":["post-652","post","type-post","status-publish","format-standard","hentry","category-akce-dm"],"_links":{"self":[{"href":"https:\/\/www.vos-sosmost.cz\/index.php\/wp-json\/wp\/v2\/posts\/652","targetHints":{"allow":["GET"]}}],"collection":[{"href":"https:\/\/www.vos-sosmost.cz\/index.php\/wp-json\/wp\/v2\/posts"}],"about":[{"href":"https:\/\/www.vos-sosmost.cz\/index.php\/wp-json\/wp\/v2\/types\/post"}],"author":[{"embeddable":true,"href":"https:\/\/www.vos-sosmost.cz\/index.php\/wp-json\/wp\/v2\/users\/1"}],"replies":[{"embeddable":true,"href":"https:\/\/www.vos-sosmost.cz\/index.php\/wp-json\/wp\/v2\/comments?post=652"}],"version-history":[{"count":1,"href":"https:\/\/www.vos-sosmost.cz\/index.php\/wp-json\/wp\/v2\/posts\/652\/revisions"}],"predecessor-version":[{"id":659,"href":"https:\/\/www.vos-sosmost.cz\/index.php\/wp-json\/wp\/v2\/posts\/652\/revisions\/659"}],"wp:attachment":[{"href":"https:\/\/www.vos-sosmost.cz\/index.php\/wp-json\/wp\/v2\/media?parent=652"}],"wp:term":[{"taxonomy":"category","embeddable":true,"href":"https:\/\/www.vos-sosmost.cz\/index.php\/wp-json\/wp\/v2\/categories?post=652"},{"taxonomy":"post_tag","embeddable":true,"href":"https:\/\/www.vos-sosmost.cz\/index.php\/wp-json\/wp\/v2\/tags?post=652"}],"curies":[{"name":"wp","href":"https:\/\/api.w.org\/{rel}","templated":true}]}}