{"id":609,"date":"2016-11-02T11:45:42","date_gmt":"2016-11-02T10:45:42","guid":{"rendered":"https:\/\/www.vos-sosmost.cz\/?p=609"},"modified":"2018-02-11T11:47:57","modified_gmt":"2018-02-11T10:47:57","slug":"exkurze-do-prahy","status":"publish","type":"post","link":"https:\/\/www.vos-sosmost.cz\/index.php\/2016\/11\/02\/exkurze-do-prahy\/","title":{"rendered":"Exkurze do Prahy"},"content":{"rendered":"<p>Ve st\u0159edu jsme vyrazili na exkurzi do Prahy. C\u00edlem byla komentovan\u00e1 prohl\u00eddka v\u00fdstavy obraz\u016f H. Roussua s n\u00e1zvem Mal\u00ed\u0159\u016fv ztracen\u00fd r\u00e1j.<\/p>\n<p>Z pal\u00e1ce Kinsk\u00fdch jsme se p\u0159esunuli na Starom\u011bstsk\u00e9 n\u00e1m\u011bst\u00ed, kde n\u00e1m p. Zvonkov\u00e1 uk\u00e1zala v\u00fdznamn\u00e9 budovy a upozornila na prvky stavebn\u00edch sloh\u016f. U\u017e v\u00edme, kdo sestrojil stroj, kdo je autorem kalend\u00e1\u0159n\u00ed desky, kdo je autorem pomn\u00edku J. Husa.<\/p>\n<p>Pro\u0161li jsme si i V\u00e1clavsk\u00e9 n\u00e1m\u011bst\u00ed, ze kter\u00e9ho jsme \u0161li d\u00e1l do CafeTherapy na dal\u0161\u00ed v\u00fdstavu s n\u00e1zvem Kolektivn\u00ed nev\u011bdom\u00ed um\u011bn\u00ed a drog. Zde vystavoval obrazy mal\u00ed\u0159 Otto Placht. Zaj\u00edmav\u00e1 byla v\u00fdstava, ale tak\u00e9 m\u00edsto, ve kter\u00e9m byla nainstalovan\u00e1. Caf\u00e9Therapy je podnik, kter\u00fd podporuje neziskovou organizaci SANANIM. To je organizace, kter\u00e1 usiluje o uzdravov\u00e1n\u00ed lid\u00ed z\u00e1visl\u00fdch na drog\u00e1ch. Tady jsme si po prohl\u00eddce v\u00fdstavy dali ka\u017ed\u00fd n\u011bjakou dobr\u016ftku a vyrazili jsme k vlaku.<\/p>\n<p>Na\u0161e skupina na exkurzi byla velmi r\u016fznorod\u00e1: \u010d\u00e1st \u017e\u00e1k\u016f byla z domova ml\u00e1de\u017ee, \u010d\u00e1st \u017e\u00e1k\u016f z na\u0161\u00ed \u0161koly. Byli ve skupin\u011b st\u0159edo\u0161kol\u00e1ci, studenti VO\u0160 a jedna na\u0161e b\u00fdval\u00e1 studentka, kter\u00e1 te\u010f studuje V\u0160 v \u00dast\u00ed nad Labem. Dokonce jsme byli skupina mezin\u00e1rodn\u00ed, byl s n\u00e1mi Ilia (Ukrajinec), Ayko (Japonka) a Kwantung (Thajka). A\u010dkoliv jsme byli takov\u00e1 sm\u011bska, v\u0161ichni jsme si v\u00fdlet u\u017eili a napl\u00e1novali jsme si dal\u0161\u00ed spole\u010dn\u00e9 akce.<\/p>\n<p>D\u00edky dotac\u00edm z ASK a dotac\u00edm z \u00dasteck\u00e9ho kraje jsme si u\u0161et\u0159ili spoustu pen\u011bz.<\/p>\n<p>M\u00ed\u0161a, Ani\u010dka a J\u00ed\u0165a<\/p>\n<div id='gallery-1' class='gallery galleryid-609 gallery-columns-4 gallery-size-thumbnail'><figure class='gallery-item'>\n\t\t\t<div class='gallery-icon landscape'>\n\t\t\t\t<a href='https:\/\/www.vos-sosmost.cz\/wp-content\/uploads\/2018\/02\/pb021774.jpg'><img loading=\"lazy\" decoding=\"async\" width=\"150\" height=\"150\" src=\"https:\/\/www.vos-sosmost.cz\/wp-content\/uploads\/2018\/02\/pb021774-150x150.jpg\" class=\"attachment-thumbnail size-thumbnail\" alt=\"\" \/><\/a>\n\t\t\t<\/div><\/figure><figure class='gallery-item'>\n\t\t\t<div class='gallery-icon landscape'>\n\t\t\t\t<a href='https:\/\/www.vos-sosmost.cz\/wp-content\/uploads\/2018\/02\/pb021776.jpg'><img loading=\"lazy\" decoding=\"async\" width=\"150\" height=\"150\" src=\"https:\/\/www.vos-sosmost.cz\/wp-content\/uploads\/2018\/02\/pb021776-150x150.jpg\" class=\"attachment-thumbnail size-thumbnail\" alt=\"\" \/><\/a>\n\t\t\t<\/div><\/figure><figure class='gallery-item'>\n\t\t\t<div class='gallery-icon landscape'>\n\t\t\t\t<a href='https:\/\/www.vos-sosmost.cz\/wp-content\/uploads\/2018\/02\/pb021779.jpg'><img loading=\"lazy\" decoding=\"async\" width=\"150\" height=\"150\" src=\"https:\/\/www.vos-sosmost.cz\/wp-content\/uploads\/2018\/02\/pb021779-150x150.jpg\" class=\"attachment-thumbnail size-thumbnail\" alt=\"\" \/><\/a>\n\t\t\t<\/div><\/figure><figure class='gallery-item'>\n\t\t\t<div class='gallery-icon landscape'>\n\t\t\t\t<a href='https:\/\/www.vos-sosmost.cz\/wp-content\/uploads\/2018\/02\/pb021783.jpg'><img loading=\"lazy\" decoding=\"async\" width=\"150\" height=\"150\" src=\"https:\/\/www.vos-sosmost.cz\/wp-content\/uploads\/2018\/02\/pb021783-150x150.jpg\" class=\"attachment-thumbnail size-thumbnail\" alt=\"\" \/><\/a>\n\t\t\t<\/div><\/figure><figure class='gallery-item'>\n\t\t\t<div class='gallery-icon landscape'>\n\t\t\t\t<a href='https:\/\/www.vos-sosmost.cz\/wp-content\/uploads\/2018\/02\/pb021791.jpg'><img loading=\"lazy\" decoding=\"async\" width=\"150\" height=\"150\" src=\"https:\/\/www.vos-sosmost.cz\/wp-content\/uploads\/2018\/02\/pb021791-150x150.jpg\" class=\"attachment-thumbnail size-thumbnail\" alt=\"\" \/><\/a>\n\t\t\t<\/div><\/figure><figure class='gallery-item'>\n\t\t\t<div class='gallery-icon landscape'>\n\t\t\t\t<a href='https:\/\/www.vos-sosmost.cz\/wp-content\/uploads\/2018\/02\/pb021800.jpg'><img loading=\"lazy\" decoding=\"async\" width=\"150\" height=\"150\" src=\"https:\/\/www.vos-sosmost.cz\/wp-content\/uploads\/2018\/02\/pb021800-150x150.jpg\" class=\"attachment-thumbnail size-thumbnail\" alt=\"\" \/><\/a>\n\t\t\t<\/div><\/figure>\n\t\t<\/div>\n\n","protected":false},"excerpt":{"rendered":"<p>Ve st\u0159edu jsme vyrazili na exkurzi do Prahy. C\u00edlem byla komentovan\u00e1 prohl\u00eddka v\u00fdstavy obraz\u016f H. Roussua s n\u00e1zvem Mal\u00ed\u0159\u016fv ztracen\u00fd r\u00e1j. Z pal\u00e1ce Kinsk\u00fdch jsme se p\u0159esunuli na Starom\u011bstsk\u00e9 n\u00e1m\u011bst\u00ed, kde n\u00e1m p. Zvonkov\u00e1 uk\u00e1zala v\u00fdznamn\u00e9 budovy a upozornila na <a href=\"https:\/\/www.vos-sosmost.cz\/index.php\/2016\/11\/02\/exkurze-do-prahy\/\" class=\"read-more\">Read More &#8230;<\/a><\/p>\n","protected":false},"author":1,"featured_media":0,"comment_status":"closed","ping_status":"closed","sticky":false,"template":"","format":"standard","meta":{"ngg_post_thumbnail":0,"footnotes":""},"categories":[14],"tags":[],"class_list":["post-609","post","type-post","status-publish","format-standard","hentry","category-akce-dm"],"_links":{"self":[{"href":"https:\/\/www.vos-sosmost.cz\/index.php\/wp-json\/wp\/v2\/posts\/609","targetHints":{"allow":["GET"]}}],"collection":[{"href":"https:\/\/www.vos-sosmost.cz\/index.php\/wp-json\/wp\/v2\/posts"}],"about":[{"href":"https:\/\/www.vos-sosmost.cz\/index.php\/wp-json\/wp\/v2\/types\/post"}],"author":[{"embeddable":true,"href":"https:\/\/www.vos-sosmost.cz\/index.php\/wp-json\/wp\/v2\/users\/1"}],"replies":[{"embeddable":true,"href":"https:\/\/www.vos-sosmost.cz\/index.php\/wp-json\/wp\/v2\/comments?post=609"}],"version-history":[{"count":1,"href":"https:\/\/www.vos-sosmost.cz\/index.php\/wp-json\/wp\/v2\/posts\/609\/revisions"}],"predecessor-version":[{"id":616,"href":"https:\/\/www.vos-sosmost.cz\/index.php\/wp-json\/wp\/v2\/posts\/609\/revisions\/616"}],"wp:attachment":[{"href":"https:\/\/www.vos-sosmost.cz\/index.php\/wp-json\/wp\/v2\/media?parent=609"}],"wp:term":[{"taxonomy":"category","embeddable":true,"href":"https:\/\/www.vos-sosmost.cz\/index.php\/wp-json\/wp\/v2\/categories?post=609"},{"taxonomy":"post_tag","embeddable":true,"href":"https:\/\/www.vos-sosmost.cz\/index.php\/wp-json\/wp\/v2\/tags?post=609"}],"curies":[{"name":"wp","href":"https:\/\/api.w.org\/{rel}","templated":true}]}}