{"id":4044,"date":"2019-10-21T07:35:29","date_gmt":"2019-10-21T05:35:29","guid":{"rendered":"https:\/\/www.vos-sosmost.cz\/?p=4044"},"modified":"2020-07-02T10:07:01","modified_gmt":"2020-07-02T08:07:01","slug":"beseda-na-tema-rizika-uzivani-drog","status":"publish","type":"post","link":"https:\/\/www.vos-sosmost.cz\/index.php\/2019\/10\/21\/beseda-na-tema-rizika-uzivani-drog\/","title":{"rendered":"Beseda na t\u00e9ma ,,Rizika u\u017e\u00edv\u00e1n\u00ed drog\u201c"},"content":{"rendered":"<p>V&nbsp;\u00fater\u00fd 8. 10. 2019 k n\u00e1m p\u0159i\u0161el pracovn\u00edk mosteck\u00e9ho K-centra pan Karel Fiala popov\u00eddat o tom, jak\u00e9 n\u00e1sledky m\u016f\u017ee m\u00edt u\u017e\u00edv\u00e1n\u00ed drog. Toto t\u00e9ma je v&nbsp;na\u0161em m\u011bst\u011b, jak &nbsp;n\u00e1m pan Fiala potvrdil st\u00e1le aktu\u00e1ln\u00ed a velk\u00fd probl\u00e9m, proto\u017ee pat\u0159\u00edme v&nbsp;cel\u00e9 republice po Praze k&nbsp;m\u011bst\u016fm, kde se nejv\u00edce u\u017e\u00edvaj\u00ed drogy. Pohovo\u0159il o sv\u00e9 pr\u00e1ci ter\u00e9nn\u00edho pracovn\u00edka, a co obsahuje. Uvedl p\u0159\u00edb\u011bhy lid\u00ed a p\u0159\u00edklady d\u016fsledk\u016f u\u017e\u00edv\u00e1n\u00ed drog. Tak\u00e9 n\u00e1m \u0159ekl, co d\u011blat, kdy\u017e najdeme pou\u017eitou injek\u010dn\u00ed st\u0159\u00edka\u010dku, jak\u00e9 nemoci maj\u00ed nej\u010dast\u011bji u\u017eivatel\u00e9 drog a jak se m\u00e1me my proti nim chr\u00e1nit a \u017ee ne\u017e se rozhodneme drogu u\u017e\u00edt, m\u011bli bychom si o n\u00ed n\u011bco zjistit a p\u0159e\u010d\u00edst atd. Beseda byla velmi zaj\u00edmav\u00e1, mohli jsme kl\u00e1st r\u016fzn\u00e9 ot\u00e1zky a pan Fiala n\u00e1m \u00fapln\u011b na v\u0161echny odpov\u011bd\u011bl.<\/p>\n<p>(Nat\u00e1lie Barto\u0148ov\u00e1, Ad\u00e9la Knoppov\u00e1, Petr Lazar\u010d\u00edk a spol.)<\/p>\nngg_shortcode_0_placeholder\n<p>&nbsp;<\/p>\n","protected":false},"excerpt":{"rendered":"<p>V&nbsp;\u00fater\u00fd 8. 10. 2019 k n\u00e1m p\u0159i\u0161el pracovn\u00edk mosteck\u00e9ho K-centra pan Karel Fiala popov\u00eddat o tom, jak\u00e9 n\u00e1sledky m\u016f\u017ee m\u00edt u\u017e\u00edv\u00e1n\u00ed drog. Toto t\u00e9ma je v&nbsp;na\u0161em m\u011bst\u011b, jak &nbsp;n\u00e1m pan Fiala potvrdil st\u00e1le aktu\u00e1ln\u00ed a velk\u00fd probl\u00e9m, proto\u017ee pat\u0159\u00edme v&nbsp;cel\u00e9 <a href=\"https:\/\/www.vos-sosmost.cz\/index.php\/2019\/10\/21\/beseda-na-tema-rizika-uzivani-drog\/\" class=\"read-more\">Read More &#8230;<\/a><\/p>\n","protected":false},"author":1,"featured_media":0,"comment_status":"closed","ping_status":"closed","sticky":false,"template":"","format":"standard","meta":{"ngg_post_thumbnail":0,"footnotes":""},"categories":[14],"tags":[],"class_list":["post-4044","post","type-post","status-publish","format-standard","hentry","category-akce-dm"],"_links":{"self":[{"href":"https:\/\/www.vos-sosmost.cz\/index.php\/wp-json\/wp\/v2\/posts\/4044","targetHints":{"allow":["GET"]}}],"collection":[{"href":"https:\/\/www.vos-sosmost.cz\/index.php\/wp-json\/wp\/v2\/posts"}],"about":[{"href":"https:\/\/www.vos-sosmost.cz\/index.php\/wp-json\/wp\/v2\/types\/post"}],"author":[{"embeddable":true,"href":"https:\/\/www.vos-sosmost.cz\/index.php\/wp-json\/wp\/v2\/users\/1"}],"replies":[{"embeddable":true,"href":"https:\/\/www.vos-sosmost.cz\/index.php\/wp-json\/wp\/v2\/comments?post=4044"}],"version-history":[{"count":2,"href":"https:\/\/www.vos-sosmost.cz\/index.php\/wp-json\/wp\/v2\/posts\/4044\/revisions"}],"predecessor-version":[{"id":4052,"href":"https:\/\/www.vos-sosmost.cz\/index.php\/wp-json\/wp\/v2\/posts\/4044\/revisions\/4052"}],"wp:attachment":[{"href":"https:\/\/www.vos-sosmost.cz\/index.php\/wp-json\/wp\/v2\/media?parent=4044"}],"wp:term":[{"taxonomy":"category","embeddable":true,"href":"https:\/\/www.vos-sosmost.cz\/index.php\/wp-json\/wp\/v2\/categories?post=4044"},{"taxonomy":"post_tag","embeddable":true,"href":"https:\/\/www.vos-sosmost.cz\/index.php\/wp-json\/wp\/v2\/tags?post=4044"}],"curies":[{"name":"wp","href":"https:\/\/api.w.org\/{rel}","templated":true}]}}