{"id":3449,"date":"2019-04-09T11:23:34","date_gmt":"2019-04-09T09:23:34","guid":{"rendered":"https:\/\/www.vos-sosmost.cz\/?p=3449"},"modified":"2019-04-17T11:25:34","modified_gmt":"2019-04-17T09:25:34","slug":"uklidme-svet-uklidme-cesko","status":"publish","type":"post","link":"https:\/\/www.vos-sosmost.cz\/index.php\/2019\/04\/09\/uklidme-svet-uklidme-cesko\/","title":{"rendered":"Ukli\u010fme sv\u011bt, ukli\u010fme \u010cesko"},"content":{"rendered":"<p>Proto\u017ee jsme se nemohli t\u00e9to celorepublikov\u00e9 akce z\u00fa\u010dastnit o v\u00edkendu, dali jsme si sraz v&nbsp;\u00fater\u00fd a uklidili jsme si kolem na\u0161eho domova ml\u00e1de\u017ee. Vzorem n\u00e1m byla vedouc\u00ed vychovatelka Karin, kter\u00e1 \u00faklid nejen zorganizovala, ale p\u0159\u00edkladn\u011b se do \u00faklidu vrhla s&nbsp;n\u00e1mi. A hned to tu vypad\u00e1 l\u00e9pe.<\/p>\n<p>V\u0161ichni, co jsme ukl\u00edzeli, douf\u00e1me, \u017ee \u010dist\u00e9 okol\u00ed vydr\u017e\u00ed co nejd\u00e9le.<\/p>\n<p style=\"text-align: center;\"><strong>Jak to funguje<\/strong><\/p>\n<p style=\"text-align: center;\"><strong>Ukl\u00edz\u00edme v\u0161ichni. Spole\u010dn\u011b. V jeden den.<\/strong>&nbsp;Do \u00faklidov\u00fdch akc\u00ed se zapojuj\u00ed lid\u00e9 ze v\u0161ech kout\u016f \u010cesk\u00e9 republiky. Ukl\u00edzej\u00ed \u0161kol\u00e1ci, politici, \u00fa\u0159edn\u00edci, skauti, d\u011bti z d\u011btsk\u00fdch domov\u016f, vysoko\u0161kol\u00e1ci, d\u016fchodci, program\u00e1to\u0159i, l\u00e9ka\u0159i, prodava\u010di, ekologov\u00e9, turisti, pejska\u0159i, pank\u00e1\u010di \u2026 Prost\u011b v\u0161ichni, na koho si vzpomenete. Ukl\u00edz\u00edme spole\u010dn\u011b!<\/p>\n<p style=\"text-align: center;\">Na\u0161e p\u0159\u00edroda i m\u011bsta a obce b\u011bhem v\u00edkendu 6.-7. dubna op\u011bt o n\u011bco prokoukla, a to d\u00edky dobrovoln\u00edk\u016fm, kte\u0159\u00ed ukl\u00edzeli snad v ka\u017ed\u00e9m kout\u011b \u010cesk\u00e9 republiky.&nbsp;<strong><em>\u201ePodle \u00fadaj\u016f kter\u00e9 m\u00e1me k dispozici, se o v\u00edkendu konalo 2 273 \u00faklidov\u00fdch akc\u00ed, do kter\u00fdch se zapojilo na 65 000 dobrovoln\u00edk\u016f. Tolik dobrovoln\u00edk\u016f v \u010cesk\u00e9 republice v jeden v\u00edkend je\u0161t\u011b nikdy v historii neukl\u00edzelo,\u201d<\/em><\/strong>&nbsp;uvedl za organiz\u00e1tory Miroslav Kub\u00e1sek<\/p>\n<p style=\"text-align: center;\">P\u0159es&nbsp;<strong>65 000 dobrovoln\u00edk\u016f<\/strong>&nbsp;b\u011bhem uplynul\u00e9ho v\u00edkendu sesb\u00edralo&nbsp;<strong>1 120 tun odpad\u016f na 2 273 m\u00edstech<\/strong>&nbsp;v cel\u00e9 \u010cesk\u00e9 republice. P\u0159es 500 \u00faklid\u016f se konalo v \u201ep\u0159edterm\u00ednech\u201c, na zbytek jara je napl\u00e1nov\u00e1no dal\u0161\u00edch 600, dohromady je to v\u00edce akc\u00ed, ne\u017e vloni za cel\u00fd rok. Po\u0159adatel\u00e9 ze spolku Ukli\u010fme \u010cesko a \u010cesk\u00e9ho svazu ochr\u00e1nc\u016f p\u0159\u00edrody eviduj\u00ed&nbsp;<strong>16 500 uklizen\u00fdch pneumatik<\/strong>, na kter\u00e9 si letos \u201eposv\u00edtili\u201c. Te\u010f u\u017e jen abychom si udr\u017eeli \u010cesko v \u010distot\u011b\u2026<\/p>\nngg_shortcode_0_placeholder\n","protected":false},"excerpt":{"rendered":"<p>Proto\u017ee jsme se nemohli t\u00e9to celorepublikov\u00e9 akce z\u00fa\u010dastnit o v\u00edkendu, dali jsme si sraz v&nbsp;\u00fater\u00fd a uklidili jsme si kolem na\u0161eho domova ml\u00e1de\u017ee. Vzorem n\u00e1m byla vedouc\u00ed vychovatelka Karin, kter\u00e1 \u00faklid nejen zorganizovala, ale p\u0159\u00edkladn\u011b se do \u00faklidu vrhla s&nbsp;n\u00e1mi. <a href=\"https:\/\/www.vos-sosmost.cz\/index.php\/2019\/04\/09\/uklidme-svet-uklidme-cesko\/\" class=\"read-more\">Read More &#8230;<\/a><\/p>\n","protected":false},"author":1,"featured_media":3456,"comment_status":"closed","ping_status":"closed","sticky":false,"template":"","format":"standard","meta":{"ngg_post_thumbnail":0,"footnotes":""},"categories":[6],"tags":[],"class_list":["post-3449","post","type-post","status-publish","format-standard","has-post-thumbnail","hentry","category-udalosti"],"_links":{"self":[{"href":"https:\/\/www.vos-sosmost.cz\/index.php\/wp-json\/wp\/v2\/posts\/3449","targetHints":{"allow":["GET"]}}],"collection":[{"href":"https:\/\/www.vos-sosmost.cz\/index.php\/wp-json\/wp\/v2\/posts"}],"about":[{"href":"https:\/\/www.vos-sosmost.cz\/index.php\/wp-json\/wp\/v2\/types\/post"}],"author":[{"embeddable":true,"href":"https:\/\/www.vos-sosmost.cz\/index.php\/wp-json\/wp\/v2\/users\/1"}],"replies":[{"embeddable":true,"href":"https:\/\/www.vos-sosmost.cz\/index.php\/wp-json\/wp\/v2\/comments?post=3449"}],"version-history":[{"count":1,"href":"https:\/\/www.vos-sosmost.cz\/index.php\/wp-json\/wp\/v2\/posts\/3449\/revisions"}],"predecessor-version":[{"id":3457,"href":"https:\/\/www.vos-sosmost.cz\/index.php\/wp-json\/wp\/v2\/posts\/3449\/revisions\/3457"}],"wp:featuredmedia":[{"embeddable":true,"href":"https:\/\/www.vos-sosmost.cz\/index.php\/wp-json\/wp\/v2\/media\/3456"}],"wp:attachment":[{"href":"https:\/\/www.vos-sosmost.cz\/index.php\/wp-json\/wp\/v2\/media?parent=3449"}],"wp:term":[{"taxonomy":"category","embeddable":true,"href":"https:\/\/www.vos-sosmost.cz\/index.php\/wp-json\/wp\/v2\/categories?post=3449"},{"taxonomy":"post_tag","embeddable":true,"href":"https:\/\/www.vos-sosmost.cz\/index.php\/wp-json\/wp\/v2\/tags?post=3449"}],"curies":[{"name":"wp","href":"https:\/\/api.w.org\/{rel}","templated":true}]}}