{"id":3117,"date":"2018-11-30T08:42:16","date_gmt":"2018-11-30T07:42:16","guid":{"rendered":"https:\/\/www.vos-sosmost.cz\/?p=3117"},"modified":"2018-12-10T08:44:26","modified_gmt":"2018-12-10T07:44:26","slug":"okresni-finale-volejbalu-strednich-skol","status":"publish","type":"post","link":"https:\/\/www.vos-sosmost.cz\/index.php\/2018\/11\/30\/okresni-finale-volejbalu-strednich-skol\/","title":{"rendered":"Okresn\u00ed\u00a0fin\u00e1le volejbalu st\u0159edn\u00edch \u0161kol"},"content":{"rendered":"<p>Ve dnech 30.11 a 7.12 prob\u011bhla&nbsp;<strong>okresn\u00ed&nbsp;fin\u00e1le<\/strong> <strong>volejbalu<\/strong> st\u0159edn\u00edch \u0161kol d\u00edvek a chlapc\u016f.&nbsp;<\/p>\n<ol>\n<li>V d\u00edv\u010d\u00ed kategorii jsme m\u011bli zastoupen\u00ed v podob\u011b 2 t\u00fdm\u016f.&nbsp;<\/li>\n<\/ol>\n<ul>\n<li>T\u00fdm &#8222;A&#8220; Skon\u010dil na prvn\u00edm m\u00edst\u011b,&nbsp;<\/li>\n<li>t\u00fdm &#8222;B&#8220; se d\u011blil o 4-5 m\u00edsto se SO\u0160G (Gastro).&nbsp;<\/li>\n<\/ul>\n<ol start=\"2\">\n<li>N\u00e1\u0161 chlapeck\u00fd t\u00fdm skon\u010dil na t\u0159et\u00edm m\u00edst\u011b.&nbsp;<\/li>\n<\/ol>\n<p>Dne 4.12 se \u017e\u00e1ci 2.L, 3.L a n\u011bkolik \u017e\u00e1k\u016f pro dopln\u011bn\u00ed kapacity \u00fa\u010dastnilo akce &#8222;Se \u0161kolou na MS.&#8220; \u017d\u00e1ci a \u017e\u00e1kyn\u011b jeli povzbuzovat t\u00fdmy na mistrovstv\u00ed sv\u011bta ve florbalu, kde si n\u00e1s \u010dasto vyb\u00edrala kamera, kter\u00e1 prom\u00edtala na digit\u00e1ln\u00ed tabuli &#8222;na kostce&#8220;.<\/p>\nngg_shortcode_0_placeholder\n","protected":false},"excerpt":{"rendered":"<p>Ve dnech 30.11 a 7.12 prob\u011bhla&nbsp;okresn\u00ed&nbsp;fin\u00e1le volejbalu st\u0159edn\u00edch \u0161kol d\u00edvek a chlapc\u016f.&nbsp; V d\u00edv\u010d\u00ed kategorii jsme m\u011bli zastoupen\u00ed v podob\u011b 2 t\u00fdm\u016f.&nbsp; T\u00fdm &#8222;A&#8220; Skon\u010dil na prvn\u00edm m\u00edst\u011b,&nbsp; t\u00fdm &#8222;B&#8220; se d\u011blil o 4-5 m\u00edsto se SO\u0160G (Gastro).&nbsp; N\u00e1\u0161 chlapeck\u00fd <a href=\"https:\/\/www.vos-sosmost.cz\/index.php\/2018\/11\/30\/okresni-finale-volejbalu-strednich-skol\/\" class=\"read-more\">Read More &#8230;<\/a><\/p>\n","protected":false},"author":1,"featured_media":3150,"comment_status":"closed","ping_status":"closed","sticky":false,"template":"","format":"standard","meta":{"ngg_post_thumbnail":0,"footnotes":""},"categories":[6],"tags":[],"class_list":["post-3117","post","type-post","status-publish","format-standard","has-post-thumbnail","hentry","category-udalosti"],"_links":{"self":[{"href":"https:\/\/www.vos-sosmost.cz\/index.php\/wp-json\/wp\/v2\/posts\/3117","targetHints":{"allow":["GET"]}}],"collection":[{"href":"https:\/\/www.vos-sosmost.cz\/index.php\/wp-json\/wp\/v2\/posts"}],"about":[{"href":"https:\/\/www.vos-sosmost.cz\/index.php\/wp-json\/wp\/v2\/types\/post"}],"author":[{"embeddable":true,"href":"https:\/\/www.vos-sosmost.cz\/index.php\/wp-json\/wp\/v2\/users\/1"}],"replies":[{"embeddable":true,"href":"https:\/\/www.vos-sosmost.cz\/index.php\/wp-json\/wp\/v2\/comments?post=3117"}],"version-history":[{"count":1,"href":"https:\/\/www.vos-sosmost.cz\/index.php\/wp-json\/wp\/v2\/posts\/3117\/revisions"}],"predecessor-version":[{"id":3151,"href":"https:\/\/www.vos-sosmost.cz\/index.php\/wp-json\/wp\/v2\/posts\/3117\/revisions\/3151"}],"wp:featuredmedia":[{"embeddable":true,"href":"https:\/\/www.vos-sosmost.cz\/index.php\/wp-json\/wp\/v2\/media\/3150"}],"wp:attachment":[{"href":"https:\/\/www.vos-sosmost.cz\/index.php\/wp-json\/wp\/v2\/media?parent=3117"}],"wp:term":[{"taxonomy":"category","embeddable":true,"href":"https:\/\/www.vos-sosmost.cz\/index.php\/wp-json\/wp\/v2\/categories?post=3117"},{"taxonomy":"post_tag","embeddable":true,"href":"https:\/\/www.vos-sosmost.cz\/index.php\/wp-json\/wp\/v2\/tags?post=3117"}],"curies":[{"name":"wp","href":"https:\/\/api.w.org\/{rel}","templated":true}]}}