{"id":3098,"date":"2018-12-07T08:39:19","date_gmt":"2018-12-07T07:39:19","guid":{"rendered":"https:\/\/www.vos-sosmost.cz\/?p=3098"},"modified":"2018-12-10T08:42:03","modified_gmt":"2018-12-10T07:42:03","slug":"mlady-ekonom-usteckeho-kraje-2018","status":"publish","type":"post","link":"https:\/\/www.vos-sosmost.cz\/index.php\/2018\/12\/07\/mlady-ekonom-usteckeho-kraje-2018\/","title":{"rendered":"Mlad\u00fd ekonom \u00dasteck\u00e9ho kraje 2018"},"content":{"rendered":"<p>Sout\u011b\u017e <strong>Mlad\u00fd ekonom<\/strong> byla poprv\u00e9 organizov\u00e1na ve \u0161koln\u00edm roce 2016-2017 z&nbsp;podn\u011btu Asociace obchodn\u00edch akademi\u00ed \u00dasteck\u00e9ho kraje. Jej\u00edm c\u00edlem je podchytit a podpo\u0159it z\u00e1jem \u017e\u00e1k\u016f 8. a 9. ro\u010dn\u00edk\u016f z\u00e1kladn\u00edch \u0161kol o problematiku ekonomiky a finan\u010dn\u00ed gramotnosti a motivovat je ke studiu na obchodn\u00edch akademi\u00edch.<\/p>\n<p>Sout\u011b\u017e prob\u00edh\u00e1 v\u017edy dvoukolov\u011b:<\/p>\n<ul>\n<li>m\u00edstn\u00ed (region\u00e1ln\u00ed) kolo, kter\u00e9ho se z\u00fa\u010dast\u0148uj\u00ed Z\u0160 z&nbsp;okol\u00ed po\u0159\u00e1daj\u00edc\u00ed obchodn\u00ed akademie<\/li>\n<li>krajsk\u00e9 kolo, kam postupuj\u00ed v\u00edt\u011bzov\u00e9 m\u00edstn\u00edch kol<\/li>\n<\/ul>\n<p>Leto\u0161n\u00ed 3. ro\u010dn\u00edk krajsk\u00e9 sout\u011b\u017ee spolupo\u0159\u00e1dal i dne 7. 12. 2018 v&nbsp;prostor\u00e1ch V\u0160:<\/p>\n<ul>\n<li>UJEP \u2013 fakulta soci\u00e1ln\u011b ekonomick\u00e1<\/li>\n<li>VO\u0160, SPg\u0160, OA a SZ\u0160 Most<\/li>\n<\/ul>\n<p>\u00da\u010dastn\u00edky bylo 7 t\u0159\u00ed\u010dlenn\u00fdch<\/p>\n<p>dru\u017estev:<\/p>\n<ul>\n<li>Z\u0160 Rudolfa Koblice, Pion\u00fdr\u016f 1102, Kada\u0148<\/li>\n<li>Z\u0160 Edisonova 2, Teplice<\/li>\n<li>Z\u0160 B\u0159ezeneck\u00e1 4679, Chomutov<\/li>\n<li>Z\u0160 a M\u0160 5. kv\u011btna 233, Povrly<\/li>\n<li>Z\u0160 Komensk\u00e9ho, 438 01 \u017datec<\/li>\n<li>Z\u0160 Sv\u00e1\u017en\u00e1, Most<\/li>\n<li>Z\u0160 J.A.K. Pra\u017esk\u00e1 101 Louny<\/li>\n<\/ul>\n<p>Sout\u011b\u017e se skl\u00e1dala ze 2 \u010d\u00e1st\u00ed \u2013 p\u00edsemn\u00e9ho v\u011bdomostn\u00edho testu a \u00fastn\u00ed prezentace na dan\u00e9 ekonomick\u00e9 t\u00e9ma.<\/p>\n<p>Sout\u011b\u017e za\u0161t\u00edtil sen\u00e1tor Jaroslav Doubrava, a doc. PhDr. Pavel Kucha\u0159, CSc, prod\u011bkan pro vn\u011bj\u0161\u00ed vztahy FSE UJEP .<\/p>\n<p><strong>V\u00fdsledkov\u00e1 listina<\/strong><\/p>\n<table width=\"596\">\n<tbody>\n<tr>\n<td style=\"text-align: center;\" width=\"228\"><strong>\u0160kola<\/strong><\/td>\n<td style=\"text-align: center;\" width=\"104\"><strong>P\u00edsemn\u00fd test <\/strong><\/td>\n<td style=\"text-align: center;\" width=\"94\"><strong>\u00dastn\u00ed \u010d\u00e1st <\/strong><\/td>\n<td style=\"text-align: center;\" width=\"95\"><strong>Celkem <\/strong><\/td>\n<td style=\"text-align: center;\" width=\"76\"><strong>Po\u0159ad\u00ed<\/strong><\/td>\n<\/tr>\n<tr>\n<td width=\"228\">Z\u0160 Rudolfa Koblice, Kada\u0148<\/td>\n<td style=\"text-align: center;\" width=\"104\">60<\/td>\n<td style=\"text-align: center;\" width=\"94\">19<\/td>\n<td style=\"text-align: center;\" width=\"95\">79<\/td>\n<td style=\"text-align: center;\" width=\"76\">1<\/td>\n<\/tr>\n<tr>\n<td width=\"228\">1. Z\u0160 J. A. K. Pra\u017esk\u00e1, Louny<\/td>\n<td style=\"text-align: center;\" width=\"104\">58<\/td>\n<td style=\"text-align: center;\" width=\"94\">17<\/td>\n<td style=\"text-align: center;\" width=\"95\">75<\/td>\n<td style=\"text-align: center;\" width=\"76\">2<\/td>\n<\/tr>\n<tr>\n<td width=\"228\">Z\u0160 B\u0159ezeneck\u00e1, Chomutov<\/td>\n<td style=\"text-align: center;\" width=\"104\">54<\/td>\n<td style=\"text-align: center;\" width=\"94\">17,33<\/td>\n<td style=\"text-align: center;\" width=\"95\">71,33<\/td>\n<td style=\"text-align: center;\" width=\"76\">3<\/td>\n<\/tr>\n<tr>\n<td width=\"228\">1. Z\u0160 Sv\u00e1\u017en\u00e1, Most<\/td>\n<td style=\"text-align: center;\" width=\"104\">56<\/td>\n<td style=\"text-align: center;\" width=\"94\">13,33<\/td>\n<td style=\"text-align: center;\" width=\"95\">69,33<\/td>\n<td style=\"text-align: center;\" width=\"76\">4<\/td>\n<\/tr>\n<tr>\n<td width=\"228\">Z\u0160 a M\u0160 5. kv\u011btna, Povrly<\/td>\n<td style=\"text-align: center;\" width=\"104\">55<\/td>\n<td style=\"text-align: center;\" width=\"94\">13<\/td>\n<td style=\"text-align: center;\" width=\"95\">68<\/td>\n<td style=\"text-align: center;\" width=\"76\">5<\/td>\n<\/tr>\n<tr>\n<td width=\"228\">Z\u0160 Komensk\u00e9ho, \u017datec<\/td>\n<td style=\"text-align: center;\" width=\"104\">51<\/td>\n<td style=\"text-align: center;\" width=\"94\">11,67<\/td>\n<td style=\"text-align: center;\" width=\"95\">62,67<\/td>\n<td style=\"text-align: center;\" width=\"76\">6<\/td>\n<\/tr>\n<tr>\n<td width=\"228\">Z\u0160 Edisonova 2, Teplice<\/td>\n<td style=\"text-align: center;\" width=\"104\">49<\/td>\n<td style=\"text-align: center;\" width=\"94\">9<\/td>\n<td style=\"text-align: center;\" width=\"95\">58<\/td>\n<td style=\"text-align: center;\" width=\"76\">7<\/td>\n<\/tr>\n<\/tbody>\n<\/table>\nngg_shortcode_0_placeholder\n","protected":false},"excerpt":{"rendered":"<p>Sout\u011b\u017e Mlad\u00fd ekonom byla poprv\u00e9 organizov\u00e1na ve \u0161koln\u00edm roce 2016-2017 z&nbsp;podn\u011btu Asociace obchodn\u00edch akademi\u00ed \u00dasteck\u00e9ho kraje. Jej\u00edm c\u00edlem je podchytit a podpo\u0159it z\u00e1jem \u017e\u00e1k\u016f 8. a 9. ro\u010dn\u00edk\u016f z\u00e1kladn\u00edch \u0161kol o problematiku ekonomiky a finan\u010dn\u00ed gramotnosti a motivovat je ke <a href=\"https:\/\/www.vos-sosmost.cz\/index.php\/2018\/12\/07\/mlady-ekonom-usteckeho-kraje-2018\/\" class=\"read-more\">Read More &#8230;<\/a><\/p>\n","protected":false},"author":1,"featured_media":3115,"comment_status":"closed","ping_status":"closed","sticky":false,"template":"","format":"standard","meta":{"ngg_post_thumbnail":0,"footnotes":""},"categories":[6],"tags":[],"class_list":["post-3098","post","type-post","status-publish","format-standard","has-post-thumbnail","hentry","category-udalosti"],"_links":{"self":[{"href":"https:\/\/www.vos-sosmost.cz\/index.php\/wp-json\/wp\/v2\/posts\/3098","targetHints":{"allow":["GET"]}}],"collection":[{"href":"https:\/\/www.vos-sosmost.cz\/index.php\/wp-json\/wp\/v2\/posts"}],"about":[{"href":"https:\/\/www.vos-sosmost.cz\/index.php\/wp-json\/wp\/v2\/types\/post"}],"author":[{"embeddable":true,"href":"https:\/\/www.vos-sosmost.cz\/index.php\/wp-json\/wp\/v2\/users\/1"}],"replies":[{"embeddable":true,"href":"https:\/\/www.vos-sosmost.cz\/index.php\/wp-json\/wp\/v2\/comments?post=3098"}],"version-history":[{"count":1,"href":"https:\/\/www.vos-sosmost.cz\/index.php\/wp-json\/wp\/v2\/posts\/3098\/revisions"}],"predecessor-version":[{"id":3116,"href":"https:\/\/www.vos-sosmost.cz\/index.php\/wp-json\/wp\/v2\/posts\/3098\/revisions\/3116"}],"wp:featuredmedia":[{"embeddable":true,"href":"https:\/\/www.vos-sosmost.cz\/index.php\/wp-json\/wp\/v2\/media\/3115"}],"wp:attachment":[{"href":"https:\/\/www.vos-sosmost.cz\/index.php\/wp-json\/wp\/v2\/media?parent=3098"}],"wp:term":[{"taxonomy":"category","embeddable":true,"href":"https:\/\/www.vos-sosmost.cz\/index.php\/wp-json\/wp\/v2\/categories?post=3098"},{"taxonomy":"post_tag","embeddable":true,"href":"https:\/\/www.vos-sosmost.cz\/index.php\/wp-json\/wp\/v2\/tags?post=3098"}],"curies":[{"name":"wp","href":"https:\/\/api.w.org\/{rel}","templated":true}]}}