{"id":2864,"date":"2018-10-08T10:57:52","date_gmt":"2018-10-08T08:57:52","guid":{"rendered":"https:\/\/www.vos-sosmost.cz\/?p=2864"},"modified":"2018-10-23T11:00:25","modified_gmt":"2018-10-23T09:00:25","slug":"papucovy-den","status":"publish","type":"post","link":"https:\/\/www.vos-sosmost.cz\/index.php\/2018\/10\/08\/papucovy-den\/","title":{"rendered":"Papu\u010dov\u00fd den"},"content":{"rendered":"<p>St\u0159edn\u00ed zdravotnick\u00e1 \u0161kola v&nbsp;Most\u011b dne 8. 10. 2018 podpo\u0159ila mobiln\u00ed hospice v&nbsp;\u010cesk\u00e9 republice. V&nbsp;tento den toti\u017e za\u010dala t\u00fddenn\u00ed kampa\u0148 pro mobiln\u00ed hospice.<\/p>\n<p>Filozofi\u00ed v\u0161ech hospicov\u00fdch za\u0159\u00edzen\u00ed je \u00facta k \u010dlov\u011bku, jako k bytosti, kter\u00e1 je jedine\u010dn\u00e1 a neopakovateln\u00e1. Mobiln\u00ed hospicov\u00e1 p\u00e9\u010de je poskytov\u00e1na u nemocn\u00fdch v pretermin\u00e1ln\u00edm \u010di termin\u00e1ln\u00edm st\u00e1diu onemocn\u011bn\u00ed, kte\u0159\u00ed si p\u0159ej\u00ed z\u016fstat ve sv\u00e9m vlastn\u00edm soci\u00e1ln\u00edm prost\u0159ed\u00ed a znaj\u00ed svou diagn\u00f3zu. Je pot\u0159eba, aby se na p\u00e9\u010di pod\u00edlela minim\u00e1ln\u011b jedna schopn\u00e1, bl\u00edzk\u00e1 osoba um\u00edraj\u00edc\u00edho pacienta, kter\u00e1 p\u0159evezme odpov\u011bdnost za ka\u017edodenn\u00ed p\u00e9\u010di o nemocn\u00e9ho. Pacient i jeho rodina souhlas\u00ed s paliativn\u00ed p\u00e9\u010d\u00ed zam\u011b\u0159enou na l\u00e9\u010dbu bolesti a zm\u00edrn\u011bn\u00ed dal\u0161\u00edch projev\u016f, kterou nemoc \u010di um\u00edr\u00e1n\u00ed p\u0159in\u00e1\u0161\u00ed. Vzhledem k pr\u016fb\u011bhu nemoci je pokra\u010dov\u00e1no pouze v symptomatick\u00e9 l\u00e9\u010db\u011b a c\u00edlem je, co nejv\u00edce zm\u00edrnit bolest a dal\u0161\u00ed obt\u00ed\u017ee, kter\u00e9 souvis\u00ed s diagn\u00f3zou \u010di s um\u00edr\u00e1n\u00edm. Nejv\u011bt\u0161\u00ed z\u0159etel je br\u00e1n na bio-psycho-spiritu\u00e1ln\u00ed a soci\u00e1ln\u00ed pot\u0159eby um\u00edraj\u00edc\u00edho \u010dlov\u011bka a jeho rodiny.<\/p>\n<p>Sou\u010dasn\u011b je pot\u0159eba kl\u00e1st d\u016fraz na osv\u011btu, jak laick\u00e9 ve\u0159ejnosti, tak i informovanosti o t\u00e9to problematice v\u0161ech zdravotn\u00edk\u016f, jak sou\u010dasn\u00fdch, tak i t\u011bch budouc\u00edch, proto\u017ee t\u00e9ma smrti a um\u00edr\u00e1n\u00ed je do dne\u0161n\u00ed doby st\u00e1le tabuizov\u00e1no.<\/p>\n<p>U\u010ditelka: Petra Stanislava Meinlschmidtov\u00e1<\/p>\nngg_shortcode_0_placeholder\n","protected":false},"excerpt":{"rendered":"<p>St\u0159edn\u00ed zdravotnick\u00e1 \u0161kola v&nbsp;Most\u011b dne 8. 10. 2018 podpo\u0159ila mobiln\u00ed hospice v&nbsp;\u010cesk\u00e9 republice. V&nbsp;tento den toti\u017e za\u010dala t\u00fddenn\u00ed kampa\u0148 pro mobiln\u00ed hospice. Filozofi\u00ed v\u0161ech hospicov\u00fdch za\u0159\u00edzen\u00ed je \u00facta k \u010dlov\u011bku, jako k bytosti, kter\u00e1 je jedine\u010dn\u00e1 a neopakovateln\u00e1. Mobiln\u00ed hospicov\u00e1 <a href=\"https:\/\/www.vos-sosmost.cz\/index.php\/2018\/10\/08\/papucovy-den\/\" class=\"read-more\">Read More &#8230;<\/a><\/p>\n","protected":false},"author":1,"featured_media":2875,"comment_status":"closed","ping_status":"closed","sticky":false,"template":"","format":"standard","meta":{"ngg_post_thumbnail":0,"footnotes":""},"categories":[6],"tags":[],"class_list":["post-2864","post","type-post","status-publish","format-standard","has-post-thumbnail","hentry","category-udalosti"],"_links":{"self":[{"href":"https:\/\/www.vos-sosmost.cz\/index.php\/wp-json\/wp\/v2\/posts\/2864","targetHints":{"allow":["GET"]}}],"collection":[{"href":"https:\/\/www.vos-sosmost.cz\/index.php\/wp-json\/wp\/v2\/posts"}],"about":[{"href":"https:\/\/www.vos-sosmost.cz\/index.php\/wp-json\/wp\/v2\/types\/post"}],"author":[{"embeddable":true,"href":"https:\/\/www.vos-sosmost.cz\/index.php\/wp-json\/wp\/v2\/users\/1"}],"replies":[{"embeddable":true,"href":"https:\/\/www.vos-sosmost.cz\/index.php\/wp-json\/wp\/v2\/comments?post=2864"}],"version-history":[{"count":1,"href":"https:\/\/www.vos-sosmost.cz\/index.php\/wp-json\/wp\/v2\/posts\/2864\/revisions"}],"predecessor-version":[{"id":2876,"href":"https:\/\/www.vos-sosmost.cz\/index.php\/wp-json\/wp\/v2\/posts\/2864\/revisions\/2876"}],"wp:featuredmedia":[{"embeddable":true,"href":"https:\/\/www.vos-sosmost.cz\/index.php\/wp-json\/wp\/v2\/media\/2875"}],"wp:attachment":[{"href":"https:\/\/www.vos-sosmost.cz\/index.php\/wp-json\/wp\/v2\/media?parent=2864"}],"wp:term":[{"taxonomy":"category","embeddable":true,"href":"https:\/\/www.vos-sosmost.cz\/index.php\/wp-json\/wp\/v2\/categories?post=2864"},{"taxonomy":"post_tag","embeddable":true,"href":"https:\/\/www.vos-sosmost.cz\/index.php\/wp-json\/wp\/v2\/tags?post=2864"}],"curies":[{"name":"wp","href":"https:\/\/api.w.org\/{rel}","templated":true}]}}