{"id":2696,"date":"2018-06-25T10:05:39","date_gmt":"2018-06-25T08:05:39","guid":{"rendered":"https:\/\/www.vos-sosmost.cz\/?p=2696"},"modified":"2018-10-08T10:11:55","modified_gmt":"2018-10-08T08:11:55","slug":"sportovni-den","status":"publish","type":"post","link":"https:\/\/www.vos-sosmost.cz\/index.php\/2018\/06\/25\/sportovni-den\/","title":{"rendered":"Sportovn\u00ed den"},"content":{"rendered":"<p><strong>Term\u00edn:<\/strong> 25. 6. 2018<\/p>\n<p><strong>Kde:<\/strong> budovy A i B<\/p>\n<p><strong>T\u0159\u00edda: <\/strong>cel\u00e1 \u0161kola<\/p>\n<p><strong>Pr\u016fb\u011bh:<\/strong><\/p>\n<p>Na z\u00e1v\u011br \u0161koln\u00edho roku byl u\u010diteli TEV p\u0159ipraven sportovn\u00ed den na obou budov\u00e1ch \u0161kol. Studenti mezi sebou sout\u011b\u017eili ve 14 r\u016fznorod\u00fdch discipl\u00edn\u00e1ch a z\u00edsk\u00e1vali pro sv\u00e9 t\u0159\u00eddy co nejv\u00edce bodu do t\u00fdmov\u00e9 sout\u011b\u017ee. B\u011bhem sout\u011b\u017e\u00ed byla prav\u00e1 a nefal\u0161ovan\u00e1 sout\u011b\u017en\u00ed atmosf\u00e9ra a v\u0161ichni se sna\u017eili o co nejlep\u0161\u00ed v\u00fdsledek.<\/p>\n<p>Na budov\u011b nakonec nejv\u00edce bod\u016f z\u00edskala t\u0159\u00edda 1.L a stala se tak celkov\u00fdm v\u00edt\u011bzem.<\/p>\n<p>Pod\u011bkov\u00e1n\u00ed pat\u0159\u00ed tak\u00e9 t\u0159\u00edd\u011b 2.L, kter\u00e1 pom\u00e1hala p\u0159i organizov\u00e1n\u00ed sout\u011b\u017e\u00ed.<\/p>\n<p>Vyhl\u00e1\u0161en\u00ed v\u00fdsledk\u016f a p\u0159ed\u00e1n\u00ed sladk\u00fdch odm\u011bn prob\u011bhlo v&nbsp;t\u011blocvi\u010dn\u00e1ch obou budov za \u00fa\u010dasti veden\u00ed \u0161koly.<\/p>\nngg_shortcode_0_placeholder\n<p>&nbsp;<\/p>\n<p>&nbsp;<\/p>\n<p>U\u010ditel: Tom\u00e1\u0161 P\u00e1tek<\/p>\n","protected":false},"excerpt":{"rendered":"<p>Term\u00edn: 25. 6. 2018 Kde: budovy A i B T\u0159\u00edda: cel\u00e1 \u0161kola Pr\u016fb\u011bh: Na z\u00e1v\u011br \u0161koln\u00edho roku byl u\u010diteli TEV p\u0159ipraven sportovn\u00ed den na obou budov\u00e1ch \u0161kol. Studenti mezi sebou sout\u011b\u017eili ve 14 r\u016fznorod\u00fdch discipl\u00edn\u00e1ch a z\u00edsk\u00e1vali pro sv\u00e9 t\u0159\u00eddy <a href=\"https:\/\/www.vos-sosmost.cz\/index.php\/2018\/06\/25\/sportovni-den\/\" class=\"read-more\">Read More &#8230;<\/a><\/p>\n","protected":false},"author":1,"featured_media":2747,"comment_status":"closed","ping_status":"closed","sticky":false,"template":"","format":"standard","meta":{"ngg_post_thumbnail":0,"footnotes":""},"categories":[6],"tags":[],"class_list":["post-2696","post","type-post","status-publish","format-standard","has-post-thumbnail","hentry","category-udalosti"],"_links":{"self":[{"href":"https:\/\/www.vos-sosmost.cz\/index.php\/wp-json\/wp\/v2\/posts\/2696","targetHints":{"allow":["GET"]}}],"collection":[{"href":"https:\/\/www.vos-sosmost.cz\/index.php\/wp-json\/wp\/v2\/posts"}],"about":[{"href":"https:\/\/www.vos-sosmost.cz\/index.php\/wp-json\/wp\/v2\/types\/post"}],"author":[{"embeddable":true,"href":"https:\/\/www.vos-sosmost.cz\/index.php\/wp-json\/wp\/v2\/users\/1"}],"replies":[{"embeddable":true,"href":"https:\/\/www.vos-sosmost.cz\/index.php\/wp-json\/wp\/v2\/comments?post=2696"}],"version-history":[{"count":1,"href":"https:\/\/www.vos-sosmost.cz\/index.php\/wp-json\/wp\/v2\/posts\/2696\/revisions"}],"predecessor-version":[{"id":2748,"href":"https:\/\/www.vos-sosmost.cz\/index.php\/wp-json\/wp\/v2\/posts\/2696\/revisions\/2748"}],"wp:featuredmedia":[{"embeddable":true,"href":"https:\/\/www.vos-sosmost.cz\/index.php\/wp-json\/wp\/v2\/media\/2747"}],"wp:attachment":[{"href":"https:\/\/www.vos-sosmost.cz\/index.php\/wp-json\/wp\/v2\/media?parent=2696"}],"wp:term":[{"taxonomy":"category","embeddable":true,"href":"https:\/\/www.vos-sosmost.cz\/index.php\/wp-json\/wp\/v2\/categories?post=2696"},{"taxonomy":"post_tag","embeddable":true,"href":"https:\/\/www.vos-sosmost.cz\/index.php\/wp-json\/wp\/v2\/tags?post=2696"}],"curies":[{"name":"wp","href":"https:\/\/api.w.org\/{rel}","templated":true}]}}