{"id":2241,"date":"2018-04-26T12:52:40","date_gmt":"2018-04-26T10:52:40","guid":{"rendered":"https:\/\/www.vos-sosmost.cz\/?p=2241"},"modified":"2018-08-01T12:56:52","modified_gmt":"2018-08-01T10:56:52","slug":"soutez-v-prvni-pomoci-lhotka-u-melnika","status":"publish","type":"post","link":"https:\/\/www.vos-sosmost.cz\/index.php\/2018\/04\/26\/soutez-v-prvni-pomoci-lhotka-u-melnika\/","title":{"rendered":"Sout\u011b\u017e v prvn\u00ed pomoci \u2013 Lhotka u M\u011bln\u00edka"},"content":{"rendered":"<p>Ve dnech 25. &#8211; 26. 4. 2018 se \u017e\u00e1kyn\u011b na\u0161\u00ed \u0161koly z\u00fa\u010dastnily 13. ro\u010dn\u00edku Celost\u00e1tn\u00ed sout\u011b\u017ee v&nbsp;prvn\u00ed pomoci ve Lhotce u M\u011bln\u00edka. Sout\u011b\u017e ka\u017ed\u00fdm rokem po\u0159\u00e1d\u00e1 Soukrom\u00e1 st\u0159edn\u00ed zdravotnick\u00e1 \u0161kola M\u011bln\u00edk o. p. s. a ob\u010dansk\u00e9 sdru\u017een\u00ed Praktick\u00e1 prvn\u00ed pomoc M\u011bln\u00edk. Sout\u011b\u017ee se z\u00fa\u010dastnilo 19 dru\u017estev.<\/p>\n<p>Ve st\u0159edu v&nbsp;odpoledn\u00edch hodin\u00e1ch jsme dorazily do Lhotky u M\u011bln\u00edka. Prvn\u00ed \u010d\u00e1st sout\u011b\u017ee prob\u00edhala ve ve\u010dern\u00edch (no\u010dn\u00edch) hodin\u00e1ch. Mlad\u00edk spadl do j\u00edmky, m\u011bl z\u00e1stavu, druh\u00fd ho vyt\u00e1hl a m\u011bl poran\u011bn\u00ed hlavy.<\/p>\n<p>Druh\u00fd den r\u00e1no pokra\u010dovala druh\u00e1 \u010d\u00e1st sout\u011b\u017ee. Na trase n\u00e1s \u010dekalo n\u011bkolik poran\u011bn\u00ed: Hromadn\u00e9 zavalen\u00ed o 10 zran\u011bn\u00fdch, pokous\u00e1n\u00ed divo\u010d\u00e1kem o 3 zran\u011bn\u00fdch, autonehoda s&nbsp;resuscitac\u00ed kojence, pohmo\u017ed\u011bn\u00fdm hrudn\u00edkem a bezv\u011bdom\u00edm, p\u00e1d ze sk\u00e1ly, o\u0161et\u0159en\u00ed diabetika \u010di resuscitace s&nbsp;pomoc\u00ed AED. \u017d\u00e1kyn\u011b tak\u00e9 musely um\u011bt rozpoznat a spr\u00e1vn\u011b pojmenovat odborn\u00e9 pom\u016fcky (ambuvak, vzduchovody, masky atd.)<\/p>\n<p>Nejt\u011b\u017e\u0161\u00ed pro \u017e\u00e1ky bylo o\u0161et\u0159en\u00ed hromadn\u00e9ho ne\u0161t\u011bst\u00ed.<\/p>\n<p>Na\u0161e \u017e\u00e1kyn\u011b se um\u00edstily na 15. m\u00edst\u011b. Z\u00edskaly zde spoustu zku\u0161enost\u00ed a p\u011bkn\u00fdch z\u00e1\u017eitk\u016f.<\/p>\n<p>Dru\u017estvo (\u017e\u00e1kyn\u011b 2.A):<\/p>\n<p>Veronika Vejdov\u00e1 &#8211; kapit\u00e1nka<\/p>\n<p>Jana Jelenov\u00e1<\/p>\n<p>Pavl\u00edna Pacalajov\u00e1<\/p>\n<p>Marie H\u00e1jkov\u00e1<\/p>\n<p>pedagogick\u00fd dozor: R.Jen\u00ed\u010dkov\u00e1<\/p>\nngg_shortcode_0_placeholder\n","protected":false},"excerpt":{"rendered":"<p>Ve dnech 25. &#8211; 26. 4. 2018 se \u017e\u00e1kyn\u011b na\u0161\u00ed \u0161koly z\u00fa\u010dastnily 13. ro\u010dn\u00edku Celost\u00e1tn\u00ed sout\u011b\u017ee v&nbsp;prvn\u00ed pomoci ve Lhotce u M\u011bln\u00edka. Sout\u011b\u017e ka\u017ed\u00fdm rokem po\u0159\u00e1d\u00e1 Soukrom\u00e1 st\u0159edn\u00ed zdravotnick\u00e1 \u0161kola M\u011bln\u00edk o. p. s. a ob\u010dansk\u00e9 sdru\u017een\u00ed Praktick\u00e1 prvn\u00ed pomoc <a href=\"https:\/\/www.vos-sosmost.cz\/index.php\/2018\/04\/26\/soutez-v-prvni-pomoci-lhotka-u-melnika\/\" class=\"read-more\">Read More &#8230;<\/a><\/p>\n","protected":false},"author":1,"featured_media":2266,"comment_status":"closed","ping_status":"closed","sticky":false,"template":"","format":"standard","meta":{"ngg_post_thumbnail":0,"footnotes":""},"categories":[6],"tags":[],"class_list":["post-2241","post","type-post","status-publish","format-standard","has-post-thumbnail","hentry","category-udalosti"],"_links":{"self":[{"href":"https:\/\/www.vos-sosmost.cz\/index.php\/wp-json\/wp\/v2\/posts\/2241","targetHints":{"allow":["GET"]}}],"collection":[{"href":"https:\/\/www.vos-sosmost.cz\/index.php\/wp-json\/wp\/v2\/posts"}],"about":[{"href":"https:\/\/www.vos-sosmost.cz\/index.php\/wp-json\/wp\/v2\/types\/post"}],"author":[{"embeddable":true,"href":"https:\/\/www.vos-sosmost.cz\/index.php\/wp-json\/wp\/v2\/users\/1"}],"replies":[{"embeddable":true,"href":"https:\/\/www.vos-sosmost.cz\/index.php\/wp-json\/wp\/v2\/comments?post=2241"}],"version-history":[{"count":1,"href":"https:\/\/www.vos-sosmost.cz\/index.php\/wp-json\/wp\/v2\/posts\/2241\/revisions"}],"predecessor-version":[{"id":2267,"href":"https:\/\/www.vos-sosmost.cz\/index.php\/wp-json\/wp\/v2\/posts\/2241\/revisions\/2267"}],"wp:featuredmedia":[{"embeddable":true,"href":"https:\/\/www.vos-sosmost.cz\/index.php\/wp-json\/wp\/v2\/media\/2266"}],"wp:attachment":[{"href":"https:\/\/www.vos-sosmost.cz\/index.php\/wp-json\/wp\/v2\/media?parent=2241"}],"wp:term":[{"taxonomy":"category","embeddable":true,"href":"https:\/\/www.vos-sosmost.cz\/index.php\/wp-json\/wp\/v2\/categories?post=2241"},{"taxonomy":"post_tag","embeddable":true,"href":"https:\/\/www.vos-sosmost.cz\/index.php\/wp-json\/wp\/v2\/tags?post=2241"}],"curies":[{"name":"wp","href":"https:\/\/api.w.org\/{rel}","templated":true}]}}