{"id":2207,"date":"2018-04-24T12:44:26","date_gmt":"2018-04-24T10:44:26","guid":{"rendered":"https:\/\/www.vos-sosmost.cz\/?p=2207"},"modified":"2018-08-01T12:48:24","modified_gmt":"2018-08-01T10:48:24","slug":"juniorsky-maraton-2018","status":"publish","type":"post","link":"https:\/\/www.vos-sosmost.cz\/index.php\/2018\/04\/24\/juniorsky-maraton-2018\/","title":{"rendered":"Juniorsk\u00fd maraton 2018"},"content":{"rendered":"<p><strong>Term\u00edn:<\/strong> 24.4.2018<\/p>\n<p><strong>Kde:<\/strong> \u00dast\u00ed nad Labem \u2013 Oc Forum<\/p>\n<p><strong>T\u0159\u00edda: <\/strong>v\u00fdb\u011br student\u016f<\/p>\n<p><strong>&nbsp;<\/strong><strong>Sout\u011b\u017e student\u016f: <\/strong>\u0161tafeta 10 \u010dlenn\u00fdch dru\u017estev (minim\u00e1ln\u011b 3 d\u00edvky). Ka\u017ed\u00fd \u010dlen \u0161tafety b\u011b\u017e\u00ed \u00fasek 4200m. Dohromady ub\u011bhnou maraton 42,192 km<\/p>\n<p><strong>Sout\u011b\u017e u\u010ditel\u016f:<\/strong> \u0161tafeta slo\u017een\u00e1 z&nbsp;u\u010ditel\u016f \u0161koly. Ka\u017ed\u00fd \u010dlen b\u011b\u017e\u00ed libovoln\u00fd \u00fasek a dohromady ub\u011bhnou maraton 42,192km.<\/p>\n<p><strong>Pr\u016fb\u011bh:<\/strong><\/p>\n<p>Studenti obsadili 13.m\u00edsto v&nbsp;\u010dase 3:26,04 hod.<\/p>\n<p>U\u010ditel\u00e9 vyhr\u00e1li u\u010ditelsk\u00fd z\u00e1vod v&nbsp;\u010dase 3:10,27 hod.<\/p>\n<p><strong>Hodnocen\u00ed:<\/strong> Studenti nebyli favorit\u00e9 z\u00e1vodu, ale z\u00e1vod si u\u017eili a bojovali do posledn\u00edho momentu. Atmosf\u00e9ra z\u00e1vodu je neuv\u011b\u0159iteln\u00e1 a je pln\u00e1 kr\u00e1sn\u00fdch emoc\u00ed.<\/p>\n<p>U\u010ditel\u00e9 potvrdili lo\u0148sk\u00e9 v\u00edt\u011bzstv\u00ed a znovu vyhr\u00e1li krajsk\u00e9 kolo.<\/p>\nngg_shortcode_0_placeholder\n<p>U\u010ditel: Tom\u00e1\u0161 P\u00e1tek<\/p>\n","protected":false},"excerpt":{"rendered":"<p>Term\u00edn: 24.4.2018 Kde: \u00dast\u00ed nad Labem \u2013 Oc Forum T\u0159\u00edda: v\u00fdb\u011br student\u016f &nbsp;Sout\u011b\u017e student\u016f: \u0161tafeta 10 \u010dlenn\u00fdch dru\u017estev (minim\u00e1ln\u011b 3 d\u00edvky). Ka\u017ed\u00fd \u010dlen \u0161tafety b\u011b\u017e\u00ed \u00fasek 4200m. Dohromady ub\u011bhnou maraton 42,192 km Sout\u011b\u017e u\u010ditel\u016f: \u0161tafeta slo\u017een\u00e1 z&nbsp;u\u010ditel\u016f \u0161koly. Ka\u017ed\u00fd \u010dlen <a href=\"https:\/\/www.vos-sosmost.cz\/index.php\/2018\/04\/24\/juniorsky-maraton-2018\/\" class=\"read-more\">Read More &#8230;<\/a><\/p>\n","protected":false},"author":1,"featured_media":2239,"comment_status":"closed","ping_status":"closed","sticky":false,"template":"","format":"standard","meta":{"ngg_post_thumbnail":0,"footnotes":""},"categories":[6],"tags":[],"class_list":["post-2207","post","type-post","status-publish","format-standard","has-post-thumbnail","hentry","category-udalosti"],"_links":{"self":[{"href":"https:\/\/www.vos-sosmost.cz\/index.php\/wp-json\/wp\/v2\/posts\/2207","targetHints":{"allow":["GET"]}}],"collection":[{"href":"https:\/\/www.vos-sosmost.cz\/index.php\/wp-json\/wp\/v2\/posts"}],"about":[{"href":"https:\/\/www.vos-sosmost.cz\/index.php\/wp-json\/wp\/v2\/types\/post"}],"author":[{"embeddable":true,"href":"https:\/\/www.vos-sosmost.cz\/index.php\/wp-json\/wp\/v2\/users\/1"}],"replies":[{"embeddable":true,"href":"https:\/\/www.vos-sosmost.cz\/index.php\/wp-json\/wp\/v2\/comments?post=2207"}],"version-history":[{"count":1,"href":"https:\/\/www.vos-sosmost.cz\/index.php\/wp-json\/wp\/v2\/posts\/2207\/revisions"}],"predecessor-version":[{"id":2240,"href":"https:\/\/www.vos-sosmost.cz\/index.php\/wp-json\/wp\/v2\/posts\/2207\/revisions\/2240"}],"wp:featuredmedia":[{"embeddable":true,"href":"https:\/\/www.vos-sosmost.cz\/index.php\/wp-json\/wp\/v2\/media\/2239"}],"wp:attachment":[{"href":"https:\/\/www.vos-sosmost.cz\/index.php\/wp-json\/wp\/v2\/media?parent=2207"}],"wp:term":[{"taxonomy":"category","embeddable":true,"href":"https:\/\/www.vos-sosmost.cz\/index.php\/wp-json\/wp\/v2\/categories?post=2207"},{"taxonomy":"post_tag","embeddable":true,"href":"https:\/\/www.vos-sosmost.cz\/index.php\/wp-json\/wp\/v2\/tags?post=2207"}],"curies":[{"name":"wp","href":"https:\/\/api.w.org\/{rel}","templated":true}]}}