{"id":1932,"date":"2018-03-05T11:44:51","date_gmt":"2018-03-05T10:44:51","guid":{"rendered":"https:\/\/www.vos-sosmost.cz\/?p=1932"},"modified":"2018-03-05T11:44:51","modified_gmt":"2018-03-05T10:44:51","slug":"island-projekt-ehp","status":"publish","type":"post","link":"https:\/\/www.vos-sosmost.cz\/index.php\/2018\/03\/05\/island-projekt-ehp\/","title":{"rendered":"ISLAND &#8211; projekt EHP"},"content":{"rendered":"<p style=\"text-align: center;\"><strong>JAK\u00c9 JE ST\u0158EDN\u00cd \u0160KOLSTV\u00cd NA ISLANDU?<\/strong><\/p>\n<p style=\"font-weight: 400;\">Na tuto ot\u00e1zku mohou dnes odpov\u011bd\u011bt partne\u0159i v&nbsp;projektu podpo\u0159en\u00e9ho grantem z&nbsp;Islandu, Lichten\u0161tejnska a Norska v&nbsp;r\u00e1mci Finan\u010dn\u00edho mechanismu EHP a Norsk\u00e9ho finan\u010dn\u00edho mechanismu s&nbsp;n\u00e1zvem \u201eSt\u0159edo\u0161kolsk\u00e9 vzd\u011bl\u00e1v\u00e1n\u00ed a jeho management\u201c.<\/p>\n<p style=\"font-weight: 400;\">Partnery na \u010desk\u00e9 stran\u011b v&nbsp;tomto projektu byly &nbsp;VO\u0160, SPg\u0160 a OA Most, Gymn\u00e1zium Most a &nbsp;Integrovan\u00e1 st\u0159edn\u00ed \u0161kola energetick\u00e1 a stavebn\u00ed Chomutov. Pro\u010d pr\u00e1v\u011b tyto \u0161koly? VO\u0160, SPg\u0160 a OA v&nbsp;Most\u011b p\u0159edlo\u017eila prost\u0159ednictv\u00edm autorky v\u00fd\u0161e uveden\u00e9ho projektu Mgr. Hany Lis\u00e9 v&nbsp;\u0159\u00edjnu 2006 projekt v&nbsp;r\u00e1mci Norsk\u00fdch fond\u016f a usp\u011bla. C\u00edlem projektu bylo vz\u00e1jemn\u00e9 pozn\u00e1n\u00ed st\u0159edo\u0161kolsk\u00e9ho vzd\u011bl\u00e1v\u00e1n\u00ed v&nbsp;\u010desk\u00fdch a islandsk\u00fdch st\u0159edn\u00edch \u0161kol\u00e1ch. K&nbsp;partnerstv\u00ed v&nbsp; projektu byly vyzv\u00e1ny v\u00fd\u0161e uveden\u00e9 t\u0159i st\u0159edn\u00ed \u0161koly \u00dasteck\u00e9ho kraje a dv\u011b islandsk\u00e9 \u0161koly v m\u011bst\u011b Akureyri v&nbsp;severn\u00ed \u010d\u00e1sti Islandu. N\u00e1klady na projekt byly v&nbsp;souvislosti se vzd\u00e1lenost\u00ed Islandu zna\u010dn\u011b vysok\u00e9 a i zaji\u0161t\u011bn\u00ed dopravy, ubytov\u00e1n\u00ed a stravov\u00e1n\u00ed vzhledem k&nbsp;islandsk\u00fdm cen\u00e1m bylo pro realiz\u00e1tory zna\u010dn\u00fdm o\u0159\u00ed\u0161kem. Podeps\u00e1n\u00ed grantov\u00e9 smlouvy a zah\u00e1jen\u00ed p\u0159\u00edprav pro uskute\u010dn\u011bn\u00ed projektu se uskute\u010dnilo v&nbsp;lednu 2007. Pro z\u00fa\u010dastn\u011bn\u00e9 \u010desk\u00e9 \u0161koly zastoupen\u00e9 10 \u00fa\u010dastn\u00edky cesty na Island vyplynulo mnoho \u00fakol\u016f. St\u011b\u017eejn\u00edm \u00fakolem bylo vytvo\u0159it elektronick\u00e9 prezentace jednotliv\u00fdch \u0161kol v&nbsp;anglick\u00e9 jazykov\u00e9 mutaci a d\u00e1le pak prezentace t\u0159ech nosn\u00fdch t\u00e9mat na\u0161eho \u0161kolstv\u00ed \u2013 Vzd\u011bl\u00e1vac\u00ed syst\u00e9m v&nbsp;\u010cR, Z\u0159izovatel\u00e9 \u0161kol v&nbsp;\u010cR a V\u00fdchovn\u00e1 pr\u00e1ce s&nbsp;\u017e\u00e1ky se speci\u00e1ln\u00edmi vzd\u011bl\u00e1vac\u00edmi pot\u0159ebami. Na Islandu, kter\u00fd je pro spoustu z&nbsp;n\u00e1s exotickou a cenov\u011b t\u011b\u017eko dostupnou zem\u00ed, cht\u011bli z\u00e1stupci \u0161kol tak\u00e9 reprezentovat sv\u00e1 m\u011bsta, \u00dasteck\u00fd kraj a \u010ceskou republiku. Pod\u011bkov\u00e1n\u00ed za prezenta\u010dn\u00ed p\u0159edm\u011bty pat\u0159\u00ed Krajsk\u00e9mu \u00fa\u0159adu \u00dasteck\u00e9ho kraje, Magistr\u00e1tu m\u011bsta Mostu, Magistr\u00e1tu m\u011bsta Chomutova, Mosteck\u00e9 uheln\u00e9 spole\u010dnosti, a.s. a \u010cEZ, a.s. Velk\u00fdm probl\u00e9mem se stal v&nbsp;obdob\u00ed jara pro rozpo\u010det projektu pokles eura, kter\u00fd zp\u016fsobil, \u017ee se nap\u0159. ceny letenek staly nedosa\u017eiteln\u00e9. I v&nbsp;tomto p\u0159\u00edpad\u011b na\u0161el projekt st\u0159edn\u00edch \u0161kol podporu, a to ve finan\u010dn\u00ed pomoci Mosteck\u00e9 uheln\u00e9 spole\u010dnosti a.s.<\/p>\n<p style=\"font-weight: 400;\">Den odletu&nbsp; p\u00e1tek 14. z\u00e1\u0159\u00ed 2007 po p\u016fl roce p\u0159\u00edprav nastal a 10 pedagog\u016f s&nbsp;nap\u011bt\u00edm o\u010dek\u00e1valo po mezip\u0159ist\u00e1n\u00ed v&nbsp;Lond\u00fdn\u011b islandsk\u00e9 p\u0159ijet\u00ed v Reykjav\u00edku. Bylo, jak se ve v\u0161ech turistick\u00fdch pr\u016fvodc\u00edch uv\u00e1d\u00ed, tradi\u010dn\u00ed \u2013 teplota 8 stup\u0148\u016f C, mraky a\u017e na zem a setrval\u00fd d\u00e9\u0161\u0165. Obavy, \u017ee n\u00e1m Island nic ze sv\u00e9 p\u0159\u00edrodn\u00ed kr\u00e1sy neuk\u00e1\u017ee, &nbsp;se uk\u00e1zaly b\u00fdt lich\u00e9 a po zbytek n\u00e1v\u0161t\u011bvy Islandu bylo po\u010das\u00ed velmi p\u0159\u00edzniv\u00e9, jak pro na\u0161e \u0159idi\u010de, tak pro na\u0161e dychtiv\u00e9 pozn\u00e1v\u00e1n\u00ed.&nbsp; Dv\u011b osobn\u00ed auta za\u010dala ukrajovat kilometry z&nbsp;Reykjav\u00edku do 400 kilometr\u016f vzd\u00e1len\u00e9 Akureyri, \u010dtvrt\u00e9ho nejv\u011bt\u0161\u00edho m\u011bsta na Islandu (15 tis\u00edc obyvatel). Druh\u00fd den po p\u0159\u00edjezdu jsme byli p\u0159ijati partnerskou \u0161kolou Verkmenntask\u00f3linn \u00e1 Akureyri. Osobn\u00ed p\u0159iv\u00edt\u00e1n\u00ed \u0159editelem \u0161koly a jeho dv\u011bma z\u00e1stupci zah\u00e1jilo \u010dty\u0159denn\u00ed pracovn\u00ed program vz\u00e1jemn\u00e9ho pozn\u00e1v\u00e1n\u00ed a hled\u00e1n\u00ed spole\u010dn\u00fdch t\u00e9mat pro dal\u0161\u00ed spolupr\u00e1ci. Program sestaven\u00fd st\u0159edn\u00ed \u0161kolou ve spolupr\u00e1ci s&nbsp;University of Akureyri byl velmi bohat\u00fd a pro \u010desk\u00e9 pedagogy velmi zaj\u00edmav\u00fd. Co pro \u010dten\u00e1\u0159e uv\u00e9st jako nosn\u00e9 odli\u0161nosti a shody&nbsp; mezi \u0161kolstv\u00edm na Islandu a v&nbsp;\u010cesk\u00e9 republice? Odli\u0161nosti: 3 m\u011bs\u00edce pr\u00e1zdnin, desetistup\u0148ov\u00e1 hodnot\u00edc\u00ed stupnice, maturita v&nbsp;podob\u011b pr\u016fb\u011b\u017en\u00fdch test\u016f v&nbsp;posledn\u00edm ro\u010dn\u00edku, velk\u00e1 p\u00e9\u010de o \u017e\u00e1ky&nbsp; se speci\u00e1ln\u00edmi vzd\u011bl\u00e1vac\u00edmi pot\u0159ebami, nosn\u00e1 role st\u00e1tu ve vzd\u011bl\u00e1v\u00e1n\u00ed, vzd\u011bl\u00e1v\u00e1n\u00ed dostupn\u00e9 pro v\u0161echny velmi propracovanou e-learningovou metodou, 100% uplatn\u011bn\u00ed absolvent\u016f d\u00edky&nbsp; nulov\u00e9 nezam\u011bstnanosti. Shody: v\u011bt\u0161\u00ed zastoupen\u00ed \u017een&nbsp; v&nbsp;pozici u\u010ditele, nezbytn\u00e1 \u00fa\u010dast v&nbsp;evropsk\u00fdch projektech, snaha po demokratick\u00e9m a&nbsp; partnersk\u00e9m vztahu mezi \u0161kolu, \u017e\u00e1ky a rodi\u010di, z\u00e1jem o co nejlep\u0161\u00ed materi\u00e1ln\u00ed vybaven\u00ed.<\/p>\n<p style=\"font-weight: 400;\">St\u0159edn\u00ed \u0161kola v&nbsp;Akureyri byla na islandsk\u00e9 pom\u011bry jednou z&nbsp;m\u00e1la velk\u00fdch \u0161kol, kter\u00e1 soust\u0159e\u010fovala \u017e\u00e1ky z&nbsp;cel\u00e9ho Islandu a kter\u00e1 nab\u00edzela vzd\u011bl\u00e1n\u00ed v u\u010d\u0148ovsk\u00fdch a maturitn\u00edch oborech, jejich\u017e zam\u011b\u0159en\u00ed se shodovalo se zam\u011b\u0159en\u00edm na\u0161ich t\u0159ech \u010desk\u00fdch \u0161kol, tak\u017ee bylo o \u010dem pov\u00eddat a bylo co prohl\u00ed\u017eet. Sou\u010d\u00e1st\u00ed pracovn\u00edho programu byla samoz\u0159ejm\u011b i prohl\u00eddka \u0161koly a workshop s&nbsp;vedouc\u00edmi p\u0159edm\u011btov\u00fdch komis\u00ed. Partnersk\u00e1 \u0161kola byla zalo\u017eena v&nbsp;roce 1984 a byla pro ni postavena \u00fapln\u011b nov\u00e1 budova, kter\u00e1 se st\u00e1le stavebn\u011b roz\u0161i\u0159uje. Materi\u00e1ln\u00ed vybavenost je prvot\u0159\u00eddn\u00ed, a to ve v\u0161ech m\u00edstnostech \u0161koly. Atmosf\u00e9ra \u0161koly byla velmi p\u0159\u00e1telsk\u00e1, partnersk\u00e1 a otev\u0159en\u00e1. Otev\u0159enost doslova a dop\u00edsmene zaji\u0161\u0165ovaly sklen\u011bn\u00e9 pr\u016fhledy do ka\u017ed\u00e9 u\u010debny, ale i v\u0161ech ostatn\u00edch m\u00edstnost\u00ed jak u\u010ditelsk\u00fdch tak \u017e\u00e1kovsk\u00fdch. Jak s\u00e1m \u0159editel \u0159ekl, tento prvek nen\u00ed typick\u00fd pro islandsk\u00e9 \u0161kolstv\u00ed, ale v&nbsp;t\u00e9to budov\u011b se ve spolupr\u00e1ci s&nbsp;projektantem t\u00edmto zp\u016fsobem cht\u011bla otev\u0159enost vztah\u016f mezi u\u010ditelem a &nbsp;\u017e\u00e1kem, ale mezi u\u010diteli a &nbsp;veden\u00edm \u0161koly podpo\u0159it, a jak se zd\u00e1, poda\u0159ilo se&nbsp; to. Pracovn\u00ed sch\u016fzky se st\u0159\u00eddav\u011b uskute\u010d\u0148ovaly na st\u0159edn\u00ed \u0161kole a na Univerzit\u011b p\u0159edev\u0161\u00edm na Pedagogick\u00e9 fakult\u011b. Ochota pro spolupr\u00e1ci s&nbsp;\u010desk\u00fdmi pedagogy vedla a\u017e do \u00farovn\u011b citliv\u00fdch t\u00e9mat, jak\u00fdmi je p\u00e9\u010de o t\u011b\u017ece posti\u017een\u00e9 d\u011bti. Do jednoho takov\u00e9ho lidsky smutn\u00e9ho a ve v\u00fdsledku pedagogicky velmi \u00fasp\u011b\u0161n\u00e9ho projektu jsme byli osobn\u011b za\u010dlen\u011bni. I za takov\u00e9to citov\u011b velmi siln\u00e9 p\u0159\u00edle\u017eitosti je t\u0159eba na\u0161im partner\u016fm pod\u011bkovat. \u010cty\u0159i dni ub\u011bhly v&nbsp;pracovn\u00ed atmosf\u00e9\u0159e&nbsp; jako voda a \u010dekal n\u00e1s odjezd. Odj\u00ed\u017ed\u011bli jsme s&nbsp;pocitem \u00fasp\u011b\u0161n\u00e9ho napln\u011bn\u00ed c\u00edle projektu. Domn\u00edv\u00e1me se, \u017ee i \u010desk\u00e9 \u0161kolstv\u00ed bylo na\u0161imi \u0161kolami dob\u0159e reprezentov\u00e1no a jak od&nbsp; na\u0161ich hostitel\u016f vyplynulo, byli pot\u011b\u0161eni vz\u00e1jemnou v\u00fdm\u011bnou zku\u0161enost\u00ed. Cesty pro dal\u0161\u00ed recipro\u010dn\u00ed aktivity se touto n\u00e1v\u0161t\u011bvou oboustrann\u011b otev\u0159ely.<\/p>\n<p style=\"font-weight: 400;\">Cesta zp\u011bt i cesta tam v&nbsp;d\u00e9lce 400 km byla nav\u00edc pro \u010desk\u00e9 pedagogy p\u0159\u00edle\u017eitost\u00ed vid\u011bt alespo\u0148 n\u011bco m\u00e1lo z&nbsp;op\u011bvovan\u00fdch p\u0159\u00edrodn\u00edch kr\u00e1s Islandu. Vid\u011bli jsme kr\u00e1sn\u00e9 vodop\u00e1dy, sv\u011btozn\u00e1m\u00e9 gejz\u00edry, sirn\u00e1 kou\u0159\u00edc\u00ed pole, koupali jsme se v Modr\u00e9 lagun\u011b s&nbsp;p\u0159\u00edrodn\u00ed horkou vodou&nbsp; neobvykl\u00e9 modr\u00e9 barvy a chemick\u00e9ho slo\u017een\u00ed. Jedli jsme islandsk\u00e1 j\u00eddla a&nbsp; m\u011bli jsme z\u00e1brany p\u0159ed vysok\u00fdmi cenami v\u0161eho a v\u0161ude.<\/p>\n<p style=\"font-weight: 400;\">D\u011bkujeme na\u0161im partnersk\u00fdm \u0161kol\u00e1m na Islandu za vst\u0159\u00edcnost a p\u00e9\u010di, d\u011bkujeme v\u0161em v&nbsp;\u010cesk\u00e9 republice, kte\u0159\u00ed se ztoto\u017enili s&nbsp;na\u0161\u00ed snahou p\u0159edat informace o na\u0161em \u0161kolstv\u00ed i za hranice Evropsk\u00e9 unie a pomohli n\u00e1m v&nbsp;p\u0159\u00edpravn\u00e9 f\u00e1zi.<\/p>\n<p style=\"font-weight: 400;\">D\u00e1le bychom cht\u011bli t\u00edmto \u010dl\u00e1nkem p\u0159edat ostatn\u00edm \u0161kol\u00e1m \u00dasteck\u00e9ho kraje ale i cel\u00e9 republiky velmi dobrou zku\u0161enost s&nbsp;finan\u010dn\u00edmi mechanismy EHP a Norsk\u00e9ho finan\u010dn\u00edho mechanismu, kter\u00e9 jsou nastaveny na financov\u00e1n\u00ed projekt\u016f spolupr\u00e1ce mezi skupinami \u0161kol, mezi skupinami \u017e\u00e1k\u016f ale i pro dlouhodob\u00e9 pobyty jednotliv\u00fdch \u017e\u00e1k\u016f a student\u016f \u010cesk\u00e9 republiky na Islandu, v&nbsp;Norsku a Lichten\u0161tejnsku.<\/p>\n<p style=\"font-weight: 400;\">&nbsp;<\/p>\n<p style=\"font-weight: 400;\">Jana Adamcov\u00e1<\/p>\n<p style=\"font-weight: 400;\">za projektov\u00fd t\u00fdm<\/p>\n<p style=\"font-weight: 400;\">VO\u0160, SPg\u0160 a OA v Most\u011b<\/p>\n","protected":false},"excerpt":{"rendered":"<p>JAK\u00c9 JE ST\u0158EDN\u00cd \u0160KOLSTV\u00cd NA ISLANDU? Na tuto ot\u00e1zku mohou dnes odpov\u011bd\u011bt partne\u0159i v&nbsp;projektu podpo\u0159en\u00e9ho grantem z&nbsp;Islandu, Lichten\u0161tejnska a Norska v&nbsp;r\u00e1mci Finan\u010dn\u00edho mechanismu EHP a Norsk\u00e9ho finan\u010dn\u00edho mechanismu s&nbsp;n\u00e1zvem \u201eSt\u0159edo\u0161kolsk\u00e9 vzd\u011bl\u00e1v\u00e1n\u00ed a jeho management\u201c. Partnery na \u010desk\u00e9 stran\u011b v&nbsp;tomto projektu <a href=\"https:\/\/www.vos-sosmost.cz\/index.php\/2018\/03\/05\/island-projekt-ehp\/\" class=\"read-more\">Read More &#8230;<\/a><\/p>\n","protected":false},"author":1,"featured_media":0,"comment_status":"closed","ping_status":"closed","sticky":false,"template":"","format":"standard","meta":{"ngg_post_thumbnail":0,"footnotes":""},"categories":[17],"tags":[],"class_list":["post-1932","post","type-post","status-publish","format-standard","hentry","category-projekty"],"_links":{"self":[{"href":"https:\/\/www.vos-sosmost.cz\/index.php\/wp-json\/wp\/v2\/posts\/1932","targetHints":{"allow":["GET"]}}],"collection":[{"href":"https:\/\/www.vos-sosmost.cz\/index.php\/wp-json\/wp\/v2\/posts"}],"about":[{"href":"https:\/\/www.vos-sosmost.cz\/index.php\/wp-json\/wp\/v2\/types\/post"}],"author":[{"embeddable":true,"href":"https:\/\/www.vos-sosmost.cz\/index.php\/wp-json\/wp\/v2\/users\/1"}],"replies":[{"embeddable":true,"href":"https:\/\/www.vos-sosmost.cz\/index.php\/wp-json\/wp\/v2\/comments?post=1932"}],"version-history":[{"count":1,"href":"https:\/\/www.vos-sosmost.cz\/index.php\/wp-json\/wp\/v2\/posts\/1932\/revisions"}],"predecessor-version":[{"id":1933,"href":"https:\/\/www.vos-sosmost.cz\/index.php\/wp-json\/wp\/v2\/posts\/1932\/revisions\/1933"}],"wp:attachment":[{"href":"https:\/\/www.vos-sosmost.cz\/index.php\/wp-json\/wp\/v2\/media?parent=1932"}],"wp:term":[{"taxonomy":"category","embeddable":true,"href":"https:\/\/www.vos-sosmost.cz\/index.php\/wp-json\/wp\/v2\/categories?post=1932"},{"taxonomy":"post_tag","embeddable":true,"href":"https:\/\/www.vos-sosmost.cz\/index.php\/wp-json\/wp\/v2\/tags?post=1932"}],"curies":[{"name":"wp","href":"https:\/\/api.w.org\/{rel}","templated":true}]}}