{"id":1897,"date":"2018-03-05T11:24:26","date_gmt":"2018-03-05T10:24:26","guid":{"rendered":"https:\/\/www.vos-sosmost.cz\/?p=1897"},"modified":"2018-03-05T11:24:26","modified_gmt":"2018-03-05T10:24:26","slug":"projekt-praxin","status":"publish","type":"post","link":"https:\/\/www.vos-sosmost.cz\/index.php\/2018\/03\/05\/projekt-praxin\/","title":{"rendered":"PROJEKT PRAXIN"},"content":{"rendered":"<p align=\"center\"><b>VO\u0160, OA, SPg\u0160 a SZ\u0160 Most se stala k 8. 10. 2014 p\u0159\u00edjemcem grantu z OP VK ESF s n\u00e1zvem Inovace a modernizace praktick\u00e9ho vyu\u010dov\u00e1n\u00ed SO\u0160<\/b><\/p>\n<p>&nbsp;<\/p>\n<div><b>Souhrnn\u00e9 informace o projektu<\/b><\/div>\n<table class=\"mceItemTable\" border=\"0\" width=\"100%\" cellspacing=\"0\" cellpadding=\"0\">\n<tbody>\n<tr style=\"height: 39px;\">\n<td style=\"height: 39px;\" width=\"28%\">\u010c\u00edslo opera\u010dn\u00edho programu:<\/td>\n<td style=\"height: 39px;\" width=\"72%\">CZ.1.07<\/td>\n<\/tr>\n<tr style=\"height: 80px;\">\n<td style=\"height: 80px;\" width=\"28%\">N\u00e1zev opera\u010dn\u00edho programu:<\/td>\n<td style=\"height: 80px;\" width=\"72%\">OP Vzd\u011bl\u00e1v\u00e1n\u00ed pro konkurenceschopnost<\/td>\n<\/tr>\n<tr style=\"height: 56px;\">\n<td style=\"height: 56px;\" width=\"28%\">\u010c\u00edslo prioritn\u00ed osy:<\/td>\n<td style=\"height: 56px;\" width=\"72%\">7.1<\/td>\n<\/tr>\n<tr style=\"height: 56px;\">\n<td style=\"height: 56px;\" width=\"28%\">N\u00e1zev prioritn\u00ed osy:<\/td>\n<td style=\"height: 56px;\" width=\"72%\">Po\u010d\u00e1te\u010dn\u00ed&nbsp;vzd\u011bl\u00e1v\u00e1n\u00ed<\/td>\n<\/tr>\n<tr style=\"height: 56px;\">\n<td style=\"height: 56px;\" width=\"28%\">\u010c\u00edslo oblasti podpory:<\/td>\n<td style=\"height: 56px;\" width=\"72%\">7.1.1<\/td>\n<\/tr>\n<tr style=\"height: 56px;\">\n<td style=\"height: 56px;\" width=\"28%\">N\u00e1zev oblasti podpory:<\/td>\n<td style=\"height: 56px;\" width=\"72%\">Zvy\u0161ov\u00e1n\u00ed kvality ve&nbsp;vzd\u011bl\u00e1v\u00e1n\u00ed<\/td>\n<\/tr>\n<tr style=\"height: 56px;\">\n<td style=\"height: 56px;\" width=\"28%\">\u010c\u00edslo v\u00fdzvy:<\/td>\n<td style=\"height: 56px;\" width=\"72%\">54<\/td>\n<\/tr>\n<tr style=\"height: 56px;\">\n<td style=\"height: 56px;\" width=\"28%\">N\u00e1zev v\u00fdzvy:<\/td>\n<td style=\"height: 56px;\" width=\"72%\">\u017d\u00e1dost o finan\u010dn\u00ed podporu z OP VK \u2013 IPo \u2013 oblast podpory 1.1<\/td>\n<\/tr>\n<tr style=\"height: 56px;\">\n<td style=\"height: 56px;\" width=\"28%\">N\u00e1zev projektu:<\/td>\n<td style=\"height: 56px;\" width=\"72%\">Inovace a modernizace praktick\u00e9ho vyu\u010dov\u00e1n\u00ed SO\u0160<\/td>\n<\/tr>\n<tr style=\"height: 56px;\">\n<td style=\"height: 56px;\" width=\"28%\">Zkr\u00e1cen\u00fd n\u00e1zev projektu:<\/td>\n<td style=\"height: 56px;\" width=\"72%\">PRAXIN<\/td>\n<\/tr>\n<tr style=\"height: 80px;\">\n<td style=\"height: 80px;\" width=\"28%\">N\u00e1zev projektu anglicky:<\/td>\n<td style=\"height: 80px;\" width=\"72%\">Innovation and modernization practical training for SO\u0160 (Secondary Schools)<\/td>\n<\/tr>\n<tr style=\"height: 56px;\">\n<td style=\"height: 56px;\" width=\"28%\">Zah\u00e1jen\u00ed projektu:<\/td>\n<td style=\"height: 56px;\" width=\"72%\">8. 10. 2014<\/td>\n<\/tr>\n<tr style=\"height: 56px;\">\n<td style=\"height: 56px;\" width=\"28%\">P\u0159edpokl\u00e1dan\u00e1 doba trv\u00e1n\u00ed:<\/td>\n<td style=\"height: 56px;\" width=\"72%\">10&nbsp;m\u011bs\u00edc\u016f<\/td>\n<\/tr>\n<tr style=\"height: 56px;\">\n<td style=\"height: 56px;\" width=\"28%\">Ukon\u010den\u00ed projektu:<\/td>\n<td style=\"height: 56px;\" width=\"72%\">31. 7. 2015<\/td>\n<\/tr>\n<tr style=\"height: 56px;\">\n<td style=\"height: 56px;\" width=\"28%\">Registra\u010dn\u00ed \u010d\u00edslo:<\/td>\n<td style=\"height: 56px;\" width=\"72%\">CZ.1.07\/1.1.00\/54.0018<\/td>\n<\/tr>\n<\/tbody>\n<\/table>\n","protected":false},"excerpt":{"rendered":"<p>VO\u0160, OA, SPg\u0160 a SZ\u0160 Most se stala k 8. 10. 2014 p\u0159\u00edjemcem grantu z OP VK ESF s n\u00e1zvem Inovace a modernizace praktick\u00e9ho vyu\u010dov\u00e1n\u00ed SO\u0160 &nbsp; Souhrnn\u00e9 informace o projektu \u010c\u00edslo opera\u010dn\u00edho programu: CZ.1.07 N\u00e1zev opera\u010dn\u00edho programu: OP Vzd\u011bl\u00e1v\u00e1n\u00ed <a href=\"https:\/\/www.vos-sosmost.cz\/index.php\/2018\/03\/05\/projekt-praxin\/\" class=\"read-more\">Read More &#8230;<\/a><\/p>\n","protected":false},"author":1,"featured_media":0,"comment_status":"closed","ping_status":"closed","sticky":false,"template":"","format":"standard","meta":{"ngg_post_thumbnail":0,"footnotes":""},"categories":[17],"tags":[],"class_list":["post-1897","post","type-post","status-publish","format-standard","hentry","category-projekty"],"_links":{"self":[{"href":"https:\/\/www.vos-sosmost.cz\/index.php\/wp-json\/wp\/v2\/posts\/1897","targetHints":{"allow":["GET"]}}],"collection":[{"href":"https:\/\/www.vos-sosmost.cz\/index.php\/wp-json\/wp\/v2\/posts"}],"about":[{"href":"https:\/\/www.vos-sosmost.cz\/index.php\/wp-json\/wp\/v2\/types\/post"}],"author":[{"embeddable":true,"href":"https:\/\/www.vos-sosmost.cz\/index.php\/wp-json\/wp\/v2\/users\/1"}],"replies":[{"embeddable":true,"href":"https:\/\/www.vos-sosmost.cz\/index.php\/wp-json\/wp\/v2\/comments?post=1897"}],"version-history":[{"count":1,"href":"https:\/\/www.vos-sosmost.cz\/index.php\/wp-json\/wp\/v2\/posts\/1897\/revisions"}],"predecessor-version":[{"id":1898,"href":"https:\/\/www.vos-sosmost.cz\/index.php\/wp-json\/wp\/v2\/posts\/1897\/revisions\/1898"}],"wp:attachment":[{"href":"https:\/\/www.vos-sosmost.cz\/index.php\/wp-json\/wp\/v2\/media?parent=1897"}],"wp:term":[{"taxonomy":"category","embeddable":true,"href":"https:\/\/www.vos-sosmost.cz\/index.php\/wp-json\/wp\/v2\/categories?post=1897"},{"taxonomy":"post_tag","embeddable":true,"href":"https:\/\/www.vos-sosmost.cz\/index.php\/wp-json\/wp\/v2\/tags?post=1897"}],"curies":[{"name":"wp","href":"https:\/\/api.w.org\/{rel}","templated":true}]}}